{"id":23846,"date":"2025-04-26T06:12:06","date_gmt":"2025-04-26T06:12:06","guid":{"rendered":"https:\/\/haberbesiktas.tr\/?p=23846"},"modified":"2025-04-26T06:12:06","modified_gmt":"2025-04-26T06:12:06","slug":"basaksehir-2-kart-farkla-kupadan-elendi","status":"publish","type":"post","link":"https:\/\/haberbesiktas.tr\/?p=23846","title":{"rendered":"Ba\u015fak\u015fehir, 2 kart farkla kupadan elendi"},"content":{"rendered":"<div>Ziraat T\u00fcrkiye Kupas\u0131 3. hafta ma\u00e7\u0131nda ikas Ey\u00fcpspor ile RAMS Ba\u015fak\u015fehir kar\u015f\u0131 kar\u015f\u0131ya geldi. \u00dcmraniye Stadyumu&#8217;ndan oynanan ma\u00e7 gols\u00fcz sona erdi.<\/p>\n<p> 0-0 biten ma\u00e7\u0131n akabinde 5 puana ulas\u0327an ve Galatasaray ile puan\u0131, averaj\u0131, att\u0131g\u0306\u0131 golu\u0308 es\u0327it olan Ba\u015fak\u015fehir ise fair-play puan\u0131 daha d\u00fc\u015f\u00fck oldug\u0306u ic\u0327in (Galatasaray 8 sar\u0131 kart, Bas\u0327aks\u0327ehir 9 sar\u0131 ve 1 k\u0131rm\u0131z\u0131 kart) 3. s\u0131rada yer ald\u0131 ve elendi.<\/p>\n<p> Ey\u00fcpspor, 4 puanla kupaya veda etti.<\/p>\n<p> <strong>DETAYLAR B\u0130RAZDAN&#8230;<\/strong><\/p>\n<\/div>\n","protected":false},"excerpt":{"rendered":"<p>Ey\u00fcpspor ile 0-0 berabere kalan Ba\u015fak\u015fehir, Galatasaray&#8217;dan 2 kart fazla g\u00f6rd\u00fc\u011f\u00fc i\u00e7in kupaya veda etti.<\/p>\n","protected":false},"author":1,"featured_media":23847,"comment_status":"open","ping_status":"open","sticky":false,"template":"","format":"standard","meta":{"footnotes":""},"categories":[25],"tags":[],"class_list":["post-23846","post","type-post","status-publish","format-standard","has-post-thumbnail","hentry","category-futbol"],"_links":{"self":[{"href":"https:\/\/haberbesiktas.tr\/index.php?rest_route=\/wp\/v2\/posts\/23846","targetHints":{"allow":["GET"]}}],"collection":[{"href":"https:\/\/haberbesiktas.tr\/index.php?rest_route=\/wp\/v2\/posts"}],"about":[{"href":"https:\/\/haberbesiktas.tr\/index.php?rest_route=\/wp\/v2\/types\/post"}],"author":[{"embeddable":true,"href":"https:\/\/haberbesiktas.tr\/index.php?rest_route=\/wp\/v2\/users\/1"}],"replies":[{"embeddable":true,"href":"https:\/\/haberbesiktas.tr\/index.php?rest_route=%2Fwp%2Fv2%2Fcomments&post=23846"}],"version-history":[{"count":1,"href":"https:\/\/haberbesiktas.tr\/index.php?rest_route=\/wp\/v2\/posts\/23846\/revisions"}],"predecessor-version":[{"id":23848,"href":"https:\/\/haberbesiktas.tr\/index.php?rest_route=\/wp\/v2\/posts\/23846\/revisions\/23848"}],"wp:featuredmedia":[{"embeddable":true,"href":"https:\/\/haberbesiktas.tr\/index.php?rest_route=\/wp\/v2\/media\/23847"}],"wp:attachment":[{"href":"https:\/\/haberbesiktas.tr\/index.php?rest_route=%2Fwp%2Fv2%2Fmedia&parent=23846"}],"wp:term":[{"taxonomy":"category","embeddable":true,"href":"https:\/\/haberbesiktas.tr\/index.php?rest_route=%2Fwp%2Fv2%2Fcategories&post=23846"},{"taxonomy":"post_tag","embeddable":true,"href":"https:\/\/haberbesiktas.tr\/index.php?rest_route=%2Fwp%2Fv2%2Ftags&post=23846"}],"curies":[{"name":"wp","href":"https:\/\/api.w.org\/{rel}","templated":true}]}}