{"id":23856,"date":"2025-04-26T06:48:06","date_gmt":"2025-04-26T06:48:06","guid":{"rendered":"https:\/\/haberbesiktas.tr\/?p=23856"},"modified":"2025-04-26T06:48:06","modified_gmt":"2025-04-26T06:48:06","slug":"yusuf-demir-rakipten-cok-daha-iyiydik","status":"publish","type":"post","link":"https:\/\/haberbesiktas.tr\/?p=23856","title":{"rendered":"Yusuf Demir: &#8220;Rakipten \u00e7ok daha iyiydik&#8221;"},"content":{"rendered":"<div>Evinde Konyaspor ile 0-0 berabere kalan Galatasaray, Ziraat T\u00fcrkiye Kupas\u0131&#8217;nda \u00e7eyrek finale y\u00fckseldi.\u00a0<\/p>\n<p>Sar\u0131-K\u0131rm\u0131z\u0131l\u0131 ekibin futbolcular\u0131ndan Yusuf Demir, \u00e7aban\u0131n akabinde a\u00e7\u0131klamalarda bulundu.\u00a0<\/p>\n<p><strong>&#8220;RAK\u0130PTEN \u00c7OK DAHA \u0130Y\u0130YD\u0130K&#8221;<\/strong><\/p>\n<p><span>M\u00fccadeleyi k\u0131ymetlendiren Demir,<strong> &#8220;Tur atlad\u0131\u011f\u0131m\u0131z i\u00e7in memnunuz ancak bu ma\u00e7\u0131 almam\u0131z gerekiyordu. Rakipten \u00e7ok daha g\u00fczeldik. Her \u015feyimizi verdik, t\u0131p atlad\u0131k.&#8221;<\/strong> dedi.\u00a0<\/p>\n<p><strong>&#8220;HOCA \u0130N\u015eALLAH L\u0130GDE DE BAHT VER\u0130R&#8221;<\/strong><\/p>\n<p>Demir, konu\u015fmas\u0131n\u0131n devam\u0131nda, <strong>&#8220;Hoca baht\u0131 kupada veriyor, ligde de in\u015fallah en yak\u0131n vakitte verir. Her g\u00fcn \u00e7al\u0131\u015f\u0131yorum. \u0130n\u015fallah ligde de vakit al\u0131r\u0131m.&#8221;<\/strong> s\u00f6zlerini de kulland\u0131.\u00a0<\/span><\/div>\n","protected":false},"excerpt":{"rendered":"<p>Konutunda Konyaspor ile 0-0 berabere kalarak Ziraat T\u00fcrkiye Kupas\u0131&#8217;nda \u00e7eyrek finale y\u00fckselen Galatasaray&#8217;da Yusuf Demir, ma\u00e7\u0131n akabinde a\u00e7\u0131klamalarda bulundu.<\/p>\n","protected":false},"author":1,"featured_media":23857,"comment_status":"open","ping_status":"open","sticky":false,"template":"","format":"standard","meta":{"footnotes":""},"categories":[25],"tags":[],"class_list":["post-23856","post","type-post","status-publish","format-standard","has-post-thumbnail","hentry","category-futbol"],"_links":{"self":[{"href":"https:\/\/haberbesiktas.tr\/index.php?rest_route=\/wp\/v2\/posts\/23856","targetHints":{"allow":["GET"]}}],"collection":[{"href":"https:\/\/haberbesiktas.tr\/index.php?rest_route=\/wp\/v2\/posts"}],"about":[{"href":"https:\/\/haberbesiktas.tr\/index.php?rest_route=\/wp\/v2\/types\/post"}],"author":[{"embeddable":true,"href":"https:\/\/haberbesiktas.tr\/index.php?rest_route=\/wp\/v2\/users\/1"}],"replies":[{"embeddable":true,"href":"https:\/\/haberbesiktas.tr\/index.php?rest_route=%2Fwp%2Fv2%2Fcomments&post=23856"}],"version-history":[{"count":1,"href":"https:\/\/haberbesiktas.tr\/index.php?rest_route=\/wp\/v2\/posts\/23856\/revisions"}],"predecessor-version":[{"id":23858,"href":"https:\/\/haberbesiktas.tr\/index.php?rest_route=\/wp\/v2\/posts\/23856\/revisions\/23858"}],"wp:featuredmedia":[{"embeddable":true,"href":"https:\/\/haberbesiktas.tr\/index.php?rest_route=\/wp\/v2\/media\/23857"}],"wp:attachment":[{"href":"https:\/\/haberbesiktas.tr\/index.php?rest_route=%2Fwp%2Fv2%2Fmedia&parent=23856"}],"wp:term":[{"taxonomy":"category","embeddable":true,"href":"https:\/\/haberbesiktas.tr\/index.php?rest_route=%2Fwp%2Fv2%2Fcategories&post=23856"},{"taxonomy":"post_tag","embeddable":true,"href":"https:\/\/haberbesiktas.tr\/index.php?rest_route=%2Fwp%2Fv2%2Ftags&post=23856"}],"curies":[{"name":"wp","href":"https:\/\/api.w.org\/{rel}","templated":true}]}}