{"id":23947,"date":"2025-04-26T12:48:07","date_gmt":"2025-04-26T12:48:07","guid":{"rendered":"https:\/\/haberbesiktas.tr\/?p=23947"},"modified":"2025-04-26T12:48:07","modified_gmt":"2025-04-26T12:48:07","slug":"besiktasta-rotasyon-krizi-bitti","status":"publish","type":"post","link":"https:\/\/haberbesiktas.tr\/?p=23947","title":{"rendered":"Be\u015fikta\u015f&#8217;ta rotasyon krizi bitti!"},"content":{"rendered":"<div>\n<p>Giovanni van Bronckhorst ile ba\u015flayan berbat d\u00f6nem Be\u015fikta\u015f&#8217;ta Ole Gunnar Solskjaer devriyle birlikte bahara d\u00f6nd\u00fc.\u00a0<\/p>\n<p> Bronckhorst, d\u00f6nem ba\u015f\u0131nda 13- 14 futbolcu \u00fczerinden tak\u0131m tercihleri yap\u0131yordu. Ba\u015fta Chamberlain olmak \u00fczere bir\u00e7ok futbolcu g\u00f6zden \u00e7\u0131kar\u0131lm\u0131\u015f, tak\u0131ma giremiyordu. Solskjaer, bu durumu bilakis \u00e7evirmeyi ba\u015fard\u0131.\u00a0<\/p>\n<p> Ernest Mu\u00e7i, Ersin Destano\u011flu, Semih K\u0131l\u0131\u00e7soy, Mustafa Erhan Hekimo\u011flu, Tayyip Talha Sanu\u00e7, Salih U\u00e7an, Alex Oxlade Chamberlain ve son olarak Fahri Kerem Ay, tak\u0131mda kendilerine yer buldu.\u00a0<\/p>\n<p> <strong>FORMA REKABET\u0130 KIZI\u015eTI<\/strong><\/p>\n<p> Norve\u00e7li hoca, an prestijiyle 19-20 ki\u015filik bir geni\u015f rotasyonlu ve performans\u0131 artan bir tak\u0131ma sahip oldu. Ayr\u0131yeten morallenen futbolcular\u0131n oynama azmi de artt\u0131. Forma rekabeti k\u0131z\u0131\u015ft\u0131 ve bu durum ferd\u00ee performanslara olumlu olarak yans\u0131d\u0131. Gabriel Paulista&#8217;n\u0131n d\u00f6n\u00fc\u015f\u00fcyle savunmada da Be\u015fikta\u015f&#8217;\u0131n alternatif isimlerle rotasyonunu g\u00fc\u00e7lendirmesi bekleniyor.<\/p>\n<p> \u00a0<\/p>\n<\/div>\n","protected":false},"excerpt":{"rendered":"<p>Be\u015fikta\u015f&#8217;ta 13-14 oyuncu \u00fczerinden d\u00f6nen tak\u0131m, teknik y\u00f6netici Ole Gunnar Solskjaer&#8217;in \u00f6zverisiyle 19-20 futbolcuya \u00e7\u0131kt\u0131.<\/p>\n","protected":false},"author":1,"featured_media":23948,"comment_status":"open","ping_status":"open","sticky":false,"template":"","format":"standard","meta":{"footnotes":""},"categories":[25],"tags":[],"class_list":["post-23947","post","type-post","status-publish","format-standard","has-post-thumbnail","hentry","category-futbol"],"_links":{"self":[{"href":"https:\/\/haberbesiktas.tr\/index.php?rest_route=\/wp\/v2\/posts\/23947","targetHints":{"allow":["GET"]}}],"collection":[{"href":"https:\/\/haberbesiktas.tr\/index.php?rest_route=\/wp\/v2\/posts"}],"about":[{"href":"https:\/\/haberbesiktas.tr\/index.php?rest_route=\/wp\/v2\/types\/post"}],"author":[{"embeddable":true,"href":"https:\/\/haberbesiktas.tr\/index.php?rest_route=\/wp\/v2\/users\/1"}],"replies":[{"embeddable":true,"href":"https:\/\/haberbesiktas.tr\/index.php?rest_route=%2Fwp%2Fv2%2Fcomments&post=23947"}],"version-history":[{"count":1,"href":"https:\/\/haberbesiktas.tr\/index.php?rest_route=\/wp\/v2\/posts\/23947\/revisions"}],"predecessor-version":[{"id":23949,"href":"https:\/\/haberbesiktas.tr\/index.php?rest_route=\/wp\/v2\/posts\/23947\/revisions\/23949"}],"wp:featuredmedia":[{"embeddable":true,"href":"https:\/\/haberbesiktas.tr\/index.php?rest_route=\/wp\/v2\/media\/23948"}],"wp:attachment":[{"href":"https:\/\/haberbesiktas.tr\/index.php?rest_route=%2Fwp%2Fv2%2Fmedia&parent=23947"}],"wp:term":[{"taxonomy":"category","embeddable":true,"href":"https:\/\/haberbesiktas.tr\/index.php?rest_route=%2Fwp%2Fv2%2Fcategories&post=23947"},{"taxonomy":"post_tag","embeddable":true,"href":"https:\/\/haberbesiktas.tr\/index.php?rest_route=%2Fwp%2Fv2%2Ftags&post=23947"}],"curies":[{"name":"wp","href":"https:\/\/api.w.org\/{rel}","templated":true}]}}