{"id":23950,"date":"2025-04-26T13:00:09","date_gmt":"2025-04-26T13:00:09","guid":{"rendered":"https:\/\/haberbesiktas.tr\/?p=23950"},"modified":"2025-04-26T13:00:09","modified_gmt":"2025-04-26T13:00:09","slug":"solskjaerden-immobile-karari","status":"publish","type":"post","link":"https:\/\/haberbesiktas.tr\/?p=23950","title":{"rendered":"Solskjaer&#8217;den Immobile karar\u0131!"},"content":{"rendered":"<div>\n<p>Be\u015fikta\u015f ile yeni maceras\u0131na uygun bir ba\u015flang\u0131\u00e7 yapan teknik y\u00f6netici Ole Gunnar Solskjaer, hem saha sonu\u00e7lar\u0131n\u0131 d\u00fczeltti hem de d\u00fc\u015f\u00fc\u015fte olan bir\u00e7ok futbolcuyu aya\u011fa kald\u0131rd\u0131. Savunmay\u0131 toparlayan, orta alanlar\u0131 hareketlendiren deneyimli hocan\u0131n \u015fimdi arad\u0131\u011f\u0131 performans\u0131 bulamad\u0131\u011f\u0131 tek b\u00f6lge santrfor oldu.\u00a0<\/p>\n<p> <strong>SOLSKJAER IMMOBILE&#8217;Y\u0130 KUL\u00dcBEYE \u00c7EK\u0130YOR<\/strong><\/p>\n<p> Siyah-beyazl\u0131larda, Ciro Immobile&#8217;nin formsuzlu\u011fu haftalard\u0131r s\u00fcrerken 5 ma\u00e7t\u0131r ligde gol atam\u0131yor. Bu d\u00f6nem 3 defa adale sakatl\u0131\u011f\u0131 ya\u015fayan \u0130talyan futbolcu, 10 ma\u00e7 ka\u00e7\u0131rd\u0131. Fizik\u00ee durumu tatmin etmeyen ve bitiricili\u011fi de zay\u0131flayan Immobile&#8217;nin, yerine birinci aday Semih K\u0131l\u0131\u00e7soy.<\/p>\n<p> <strong>KAYSER\u0130 MA\u00c7INDA SEM\u0130H \u00d6NDE<\/strong><\/p>\n<p> Be\u015fikta\u015f&#8217;\u0131n gen\u00e7 santrforu, Ziraat T\u00fcrkiye Kupas\u0131&#8217;nda Antalyaspor&#8217;a kar\u015f\u0131 11&#8217;de alana \u00e7\u0131kt\u0131 fakat gol ya da asist katk\u0131s\u0131 verememi\u015fti.\u00a0<\/p>\n<p> Immobile ve Semih ortas\u0131nda tercih yapacak olan tecr\u00fcbeli hoca, kadrosu \u00fcst \u00e7ekecek santrfor performans\u0131 aray\u0131\u015f\u0131nda. Lakin \u015fu ana dek rastgele birine ikna olmu\u015f de\u011fil. Solskjaer&#8217;in 1 Mart Cumartesi g\u00fcn\u00fc Kayserispor ile oynanacak lig kar\u015f\u0131la\u015fmas\u0131nda kimle alana \u00e7\u0131kaca\u011f\u0131 merak edilirken Semih&#8217;e bir sefer daha 11&#8217;de baht tan\u0131yabilece\u011fi aktar\u0131ld\u0131.<\/p>\n<p> \u00a0<\/p>\n<\/div>\n","protected":false},"excerpt":{"rendered":"<p>Be\u015fikta\u015f teknik y\u00f6neticisi Ole Gunnar Solskjaer, Ciro Immobile&#8217;yi kul\u00fcbeye \u00e7ekmeye haz\u0131rlan\u0131rken, Kayserispor ma\u00e7\u0131nda Semih K\u0131l\u0131\u00e7soy&#8217;a 11&#8217;de talih vermeyi planl\u0131yor.<\/p>\n","protected":false},"author":1,"featured_media":23951,"comment_status":"open","ping_status":"open","sticky":false,"template":"","format":"standard","meta":{"footnotes":""},"categories":[25],"tags":[],"class_list":["post-23950","post","type-post","status-publish","format-standard","has-post-thumbnail","hentry","category-futbol"],"_links":{"self":[{"href":"https:\/\/haberbesiktas.tr\/index.php?rest_route=\/wp\/v2\/posts\/23950","targetHints":{"allow":["GET"]}}],"collection":[{"href":"https:\/\/haberbesiktas.tr\/index.php?rest_route=\/wp\/v2\/posts"}],"about":[{"href":"https:\/\/haberbesiktas.tr\/index.php?rest_route=\/wp\/v2\/types\/post"}],"author":[{"embeddable":true,"href":"https:\/\/haberbesiktas.tr\/index.php?rest_route=\/wp\/v2\/users\/1"}],"replies":[{"embeddable":true,"href":"https:\/\/haberbesiktas.tr\/index.php?rest_route=%2Fwp%2Fv2%2Fcomments&post=23950"}],"version-history":[{"count":1,"href":"https:\/\/haberbesiktas.tr\/index.php?rest_route=\/wp\/v2\/posts\/23950\/revisions"}],"predecessor-version":[{"id":23952,"href":"https:\/\/haberbesiktas.tr\/index.php?rest_route=\/wp\/v2\/posts\/23950\/revisions\/23952"}],"wp:featuredmedia":[{"embeddable":true,"href":"https:\/\/haberbesiktas.tr\/index.php?rest_route=\/wp\/v2\/media\/23951"}],"wp:attachment":[{"href":"https:\/\/haberbesiktas.tr\/index.php?rest_route=%2Fwp%2Fv2%2Fmedia&parent=23950"}],"wp:term":[{"taxonomy":"category","embeddable":true,"href":"https:\/\/haberbesiktas.tr\/index.php?rest_route=%2Fwp%2Fv2%2Fcategories&post=23950"},{"taxonomy":"post_tag","embeddable":true,"href":"https:\/\/haberbesiktas.tr\/index.php?rest_route=%2Fwp%2Fv2%2Ftags&post=23950"}],"curies":[{"name":"wp","href":"https:\/\/api.w.org\/{rel}","templated":true}]}}