{"id":23956,"date":"2025-04-26T13:24:05","date_gmt":"2025-04-26T13:24:05","guid":{"rendered":"https:\/\/haberbesiktas.tr\/?p=23956"},"modified":"2025-04-26T13:24:05","modified_gmt":"2025-04-26T13:24:05","slug":"galatasarayda-rota-belcika","status":"publish","type":"post","link":"https:\/\/haberbesiktas.tr\/?p=23956","title":{"rendered":"Galatasaray&#8217;da rota Bel\u00e7ika!"},"content":{"rendered":"<div>Galatasaray, yeni d\u00f6nem i\u00e7in tak\u0131m planlamas\u0131 i\u00e7in \u015fimdiden haz\u0131rl\u0131klar\u0131na ba\u015flad\u0131. Orta transfer periyodunu a\u011f\u0131r ge\u00e7iren sar\u0131-k\u0131rm\u0131z\u0131l\u0131lar, 2025-26 d\u00f6nemi \u00f6ncesi me\u015fakkat ya\u015famamak ismine bir\u00e7ok ismi takip etmeyi s\u00fcrd\u00fcr\u00fcyor.<\/p>\n<p> Bel\u00e7ika bas\u0131n\u0131nda yer alan haberlerde; sar\u0131-k\u0131rm\u0131z\u0131l\u0131lar\u0131n Bel\u00e7ika&#8217;da Club Brugge formas\u0131 giyen sol bek Maxim De Cuyper ve Antwerp&#8217;in orta alan\u0131 Mahamadou Doumbia&#8217;y\u0131 izledi\u011fi yaz\u0131ld\u0131.<\/p>\n<p><strong>JAKOBS&#8217;UN SAKATLI\u011eI SONRASI&#8230;<\/strong><\/p>\n<p> Ismail Jakobs&#8217;un sakatl\u0131k durumu nedeniyle Galatasaray&#8217;\u0131n Club Brugge&#8217;\u00fcn 24 ya\u015f\u0131ndaki sol beki Maxim De Cuyper&#8217;i takibe ba\u015flad\u0131\u011f\u0131 kaydedildi.<\/p>\n<p><strong>S\u00d6ZLE\u015eMELER\u0130<\/strong><\/p>\n<p> De Cuyper bu d\u00f6nem Bel\u00e7ika tak\u0131m\u0131nda 38 ma\u00e7a \u00e7\u0131kt\u0131. Bel\u00e7ikal\u0131 y\u0131ld\u0131z\u0131n kul\u00fcb\u00fcyle 2028&#8217;e kadar kontrat\u0131 bulunuyor.<\/p>\n<p> Galatasaray&#8217;da bir \u00f6teki ama\u00e7 ise Antwerp&#8217;in 20 ya\u015f\u0131ndaki orta alan\u0131 Doumbia oldu. Malili futbolcunun kul\u00fcb\u00fcyle 2027&#8217;e kadar kontrat\u0131 var.<\/p>\n<p> <strong>\u00d6NEML\u0130 GRUPLAR DEVREDE<\/strong><\/p>\n<p> Sar\u0131 k\u0131rm\u0131z\u0131l\u0131lar\u0131n yak\u0131ndan takip etti\u011fi Maxim De Cuyper ve Mahamadou Doumbia&#8217;y\u0131 Avrupa&#8217;n\u0131n k\u0131ymetli kul\u00fcpleri de izliyor. Bilhassa Antwerp&#8217;te oynayan Doumbia&#8217;y\u0131 Arsenal, Everton, Marsilya ve Dortmund radarda tutuyor. De Cuyper&#8217;i de Premier Lig&#8217;den bir\u00e7ok grup seyrediyor.<\/p>\n<\/div>\n","protected":false},"excerpt":{"rendered":"<p>Galatasaray, Club Brugge formas\u0131 giyen sol bek Maxim De Cuyper ve Antwerp&#8217;in orta alan\u0131 Mahamadou Doumbia&#8217;y\u0131 takip ediyor.<\/p>\n","protected":false},"author":1,"featured_media":23957,"comment_status":"open","ping_status":"open","sticky":false,"template":"","format":"standard","meta":{"footnotes":""},"categories":[25],"tags":[2221],"class_list":["post-23956","post","type-post","status-publish","format-standard","has-post-thumbnail","hentry","category-futbol","tag-de-cuyper"],"_links":{"self":[{"href":"https:\/\/haberbesiktas.tr\/index.php?rest_route=\/wp\/v2\/posts\/23956","targetHints":{"allow":["GET"]}}],"collection":[{"href":"https:\/\/haberbesiktas.tr\/index.php?rest_route=\/wp\/v2\/posts"}],"about":[{"href":"https:\/\/haberbesiktas.tr\/index.php?rest_route=\/wp\/v2\/types\/post"}],"author":[{"embeddable":true,"href":"https:\/\/haberbesiktas.tr\/index.php?rest_route=\/wp\/v2\/users\/1"}],"replies":[{"embeddable":true,"href":"https:\/\/haberbesiktas.tr\/index.php?rest_route=%2Fwp%2Fv2%2Fcomments&post=23956"}],"version-history":[{"count":1,"href":"https:\/\/haberbesiktas.tr\/index.php?rest_route=\/wp\/v2\/posts\/23956\/revisions"}],"predecessor-version":[{"id":23958,"href":"https:\/\/haberbesiktas.tr\/index.php?rest_route=\/wp\/v2\/posts\/23956\/revisions\/23958"}],"wp:featuredmedia":[{"embeddable":true,"href":"https:\/\/haberbesiktas.tr\/index.php?rest_route=\/wp\/v2\/media\/23957"}],"wp:attachment":[{"href":"https:\/\/haberbesiktas.tr\/index.php?rest_route=%2Fwp%2Fv2%2Fmedia&parent=23956"}],"wp:term":[{"taxonomy":"category","embeddable":true,"href":"https:\/\/haberbesiktas.tr\/index.php?rest_route=%2Fwp%2Fv2%2Fcategories&post=23956"},{"taxonomy":"post_tag","embeddable":true,"href":"https:\/\/haberbesiktas.tr\/index.php?rest_route=%2Fwp%2Fv2%2Ftags&post=23956"}],"curies":[{"name":"wp","href":"https:\/\/api.w.org\/{rel}","templated":true}]}}