{"id":2396,"date":"2025-01-10T08:06:49","date_gmt":"2025-01-10T08:06:49","guid":{"rendered":"https:\/\/haberbesiktas.tr\/?p=2396"},"modified":"2025-01-10T08:06:49","modified_gmt":"2025-01-10T08:06:49","slug":"koruyucu-aile-destegiyle-tekvandoda-avrupa-ucuncusu-oldu","status":"publish","type":"post","link":"https:\/\/haberbesiktas.tr\/?p=2396","title":{"rendered":"Koruyucu aile deste\u011fiyle, tekvandoda Avrupa \u00fc\u00e7\u00fcnc\u00fcs\u00fc oldu"},"content":{"rendered":"<div> Samsun&#8217;da ya\u015fayan iki \u00e7ocuklu \u00e7iftin 9 sene evvel g\u00f6zetici ailesi oldu\u011fu 11 ya\u015f\u0131ndaki Elif, tekvandoda Avrupa \u00fc\u00e7\u00fcnc\u00fcs\u00fc olmay\u0131 ba\u015fard\u0131.<\/p>\n<p> Samsun&#8217;un \u0130lkad\u0131m il\u00e7esinde ya\u015fayan Havva ve Musa Turanl\u0131 \u00e7ifti, iki \u00e7ocu\u011funu b\u00fcy\u00fct\u00fcp evlendirdikten sonra hami aile olmaya karar verdi.<\/p>\n<p> Turanl\u0131 \u00e7ifti, Aile ve Toplumsal Hizmetler Vilayet M\u00fcd\u00fcrl\u00fc\u011f\u00fcne yapt\u0131klar\u0131 m\u00fcracaat ve gerekli incelemenin tamamlanmas\u0131n\u0131n akabinde 2 ya\u015f\u0131ndaki Elif&#8217;in g\u00f6zetici ailesi oldu.<\/p>\n<p> Esirgeyici ailenin sevgi ve hasretle ba\u011f\u0131rlar\u0131na bast\u0131\u011f\u0131 ve 3 y\u0131l evvel spora y\u00f6nlendirdi\u011fi Elif, tekvandoda vilayet birinciliklerinin yan\u0131 s\u0131ra 8-10 Kas\u0131m 2024&#8217;te Arnavutluk&#8217;un Tiran kentinde d\u00fczenlenen Minikler Avrupa \u015eampiyonas\u0131&#8217;nda \u00fc\u00e7\u00fcnc\u00fcl\u00fck elde etti.<\/p>\n<p> G\u00f6zetici ailesiyle birlikte Mete Adan\u0131r Spor Salonu&#8217;na gidip idmanlar\u0131n\u0131 s\u00fcrd\u00fcren Elif&#8217;in \u015fimdiki amac\u0131 ise ulusal kadroda yer almak.<\/p>\n<p> G\u00f6zetici anne Havva Turanl\u0131, AA muhabirine, iki \u00e7ocuk ve 4 toruna sahip oldu\u011funu, buna ra\u011fmen esirgeyici aile olma iste\u011fini 2013 y\u0131l\u0131nda e\u015fiyle payla\u015ft\u0131\u011f\u0131n\u0131 s\u00f6yledi.<\/p>\n<p> E\u015finin de olumlu bakmas\u0131yla m\u00fcracaatta bulunduklar\u0131n\u0131 ve s\u00fcrecin yakla\u015f\u0131k 2 y\u0131l s\u00fcrd\u00fc\u011f\u00fcn\u00fc anlatan Turanl\u0131, &#8220;1 Haziran 2015&#8217;te \u00e7ocu\u011fumuza kavu\u015ftuk. G\u00f6zetici aile olarak \u00e7ocu\u011fumuzu ald\u0131k. O g\u00fcnden bug\u00fcne \u00e7ok keyifli, \u00e7ok sevin\u00e7li, \u00e7ok heyecanl\u0131 bir halde hayat\u0131m\u0131z\u0131 devam ettiriyoruz. Elimizden geleni yapmaya \u00e7al\u0131\u015f\u0131yoruz.&#8221; dedi.<\/p>\n<p> <strong>&#8211; &#8220;Ne gerekiyorsa elimizden geleni yap\u0131yoruz&#8221;<\/strong><\/p>\n<p> <strong><em>Elif&#8217;i \u00e7ok enerjik ve hareketli oldu\u011fu i\u00e7in spora y\u00f6nlendirdiklerini lisana getiren Turanl\u0131, \u015funlar\u0131 kaydetti:<\/em><\/strong><\/p>\n<p> &#8220;Sporda da \u00e7ok istekli ve ba\u015far\u0131l\u0131. \u015eu anda Avrupa \u00fc\u00e7\u00fcnc\u00fcs\u00fc oldu. Burada da birincilikleri var. Baya\u011f\u0131 madalyalar\u0131 var. \u00c7ok istekli bir \u00e7ocuk ve babas\u0131n\u0131n da u\u011fra\u015f\u0131yla sabah okuluna, ak\u015fam sporuna gidiyor. G\u00fcc\u00fcn\u00fc bu bi\u00e7imde ats\u0131n derken, tekvandoda ba\u015far\u0131l\u0131 bir \u00f6\u011frenci olarak hocas\u0131 g\u00f6rd\u00fc. Ne gerekiyorsa elimizden geleni yap\u0131yoruz. \u00c7ok keyifli olduk, \u00e7ok gururland\u0131k, \u00e7ok ho\u015f bir muvaffakiyet elde etti. O T\u00fcrk bayra\u011f\u0131yla yurt d\u0131\u015f\u0131nda ko\u015fmas\u0131, madalyay\u0131 almas\u0131 bizi baya\u011f\u0131 duyguland\u0131rd\u0131.&#8221;<\/p>\n<p> <strong>&#8211; &#8220;Bu di\u011fer bir duygu&#8221;<\/strong><\/p>\n<p> Esirgeyici baba, emekli Musa Turanl\u0131, k\u0131z\u0131n\u0131n her vakit yan\u0131nda oldu\u011funu, ba\u015far\u0131lar\u0131yla gururland\u0131\u011f\u0131n\u0131 s\u00f6yledi.<\/p>\n<p> Kollay\u0131c\u0131 aile olman\u0131n de\u011ferine de\u011finen Turanl\u0131,<strong> &#8220;Bu \u00f6b\u00fcr bir his. D\u0131\u015far\u0131dan g\u00f6r\u00fcld\u00fc\u011f\u00fc \u00fczere de\u011fil. Anlatmakla, ya\u015famakla oluyor. Ke\u015fke o vakit iki \u00e7ocuk i\u00e7in ba\u015fvursayd\u0131m. Herkese tavsiye ederiz.&#8221;<\/strong> dedi.<\/p>\n<p> <strong>&#8211; &#8220;D\u00fcnya \u015fampiyonu oldu\u011fumda \u0130stiklal Mar\u015f\u0131&#8217;n\u0131 okutmak istiyorum&#8221;<\/strong><\/p>\n<p> Elif ise spora 3 y\u0131l evvel ailesinin y\u00f6nlendirmesiyle ba\u015flad\u0131\u011f\u0131n\u0131 ve \u00e7ok sevdi\u011fini s\u00f6yledi.<\/p>\n<p> Haftada 6 g\u00fcn iki saat idman yapt\u0131\u011f\u0131n\u0131 anlatan Elif, antren\u00f6r\u00fcn\u00fcn \u00e7ok ilgili oldu\u011funu lisana getirdi.<\/p>\n<p> <strong>Sporun hayat\u0131na girmesiyle bir\u00e7ok birincisi ya\u015fad\u0131\u011f\u0131n\u0131, bunlardan birinin de u\u00e7a\u011fa binmek oldu\u011funu s\u00f6yleyen Elif, &#8220;Camdan d\u0131\u015far\u0131y\u0131 izlemek \u00e7ok ho\u015f bir histi, \u00e7ok ho\u015ftu. Spor sayesinde \u00f6teki \u00fclkeleri de geziyorum. Benim gayem d\u00fcnya \u015fampiyonu olmak, ulusal atlet olmak. D\u00fcnya \u015fampiyonu oldu\u011fumda \u0130stiklal Mar\u015f\u0131&#8217;n\u0131 okutmak istiyorum.&#8221;<\/strong> diye konu\u015ftu.<\/p>\n<p> Antren\u00f6r Do\u011fan Demir ise Elif&#8217;in okul ile sporu bir ortada g\u00fczelce y\u00fcr\u00fctt\u00fc\u011f\u00fcn\u00fc ve bir\u00e7ok muvaffakiyete ula\u015faca\u011f\u0131na inand\u0131\u011f\u0131n\u0131 tabir etti.\u00a0<\/p><\/div>\n","protected":false},"excerpt":{"rendered":"<p>Kollay\u0131c\u0131 ailesinin spora y\u00f6nlendirdi\u011fi Elif, tekvandoda Avrupa \u00fc\u00e7\u00fcnc\u00fcs\u00fc oldu.<\/p>\n","protected":false},"author":1,"featured_media":2397,"comment_status":"open","ping_status":"open","sticky":false,"template":"","format":"standard","meta":{"footnotes":""},"categories":[27],"tags":[279,276,277,65,278],"class_list":["post-2396","post","type-post","status-publish","format-standard","has-post-thumbnail","hentry","category-guncel-haberler","tag-basari","tag-elif","tag-koruyucu-aile","tag-spor","tag-turanli"],"_links":{"self":[{"href":"https:\/\/haberbesiktas.tr\/index.php?rest_route=\/wp\/v2\/posts\/2396","targetHints":{"allow":["GET"]}}],"collection":[{"href":"https:\/\/haberbesiktas.tr\/index.php?rest_route=\/wp\/v2\/posts"}],"about":[{"href":"https:\/\/haberbesiktas.tr\/index.php?rest_route=\/wp\/v2\/types\/post"}],"author":[{"embeddable":true,"href":"https:\/\/haberbesiktas.tr\/index.php?rest_route=\/wp\/v2\/users\/1"}],"replies":[{"embeddable":true,"href":"https:\/\/haberbesiktas.tr\/index.php?rest_route=%2Fwp%2Fv2%2Fcomments&post=2396"}],"version-history":[{"count":1,"href":"https:\/\/haberbesiktas.tr\/index.php?rest_route=\/wp\/v2\/posts\/2396\/revisions"}],"predecessor-version":[{"id":2398,"href":"https:\/\/haberbesiktas.tr\/index.php?rest_route=\/wp\/v2\/posts\/2396\/revisions\/2398"}],"wp:featuredmedia":[{"embeddable":true,"href":"https:\/\/haberbesiktas.tr\/index.php?rest_route=\/wp\/v2\/media\/2397"}],"wp:attachment":[{"href":"https:\/\/haberbesiktas.tr\/index.php?rest_route=%2Fwp%2Fv2%2Fmedia&parent=2396"}],"wp:term":[{"taxonomy":"category","embeddable":true,"href":"https:\/\/haberbesiktas.tr\/index.php?rest_route=%2Fwp%2Fv2%2Fcategories&post=2396"},{"taxonomy":"post_tag","embeddable":true,"href":"https:\/\/haberbesiktas.tr\/index.php?rest_route=%2Fwp%2Fv2%2Ftags&post=2396"}],"curies":[{"name":"wp","href":"https:\/\/api.w.org\/{rel}","templated":true}]}}