{"id":2399,"date":"2025-01-10T08:18:47","date_gmt":"2025-01-10T08:18:47","guid":{"rendered":"https:\/\/haberbesiktas.tr\/?p=2399"},"modified":"2025-01-10T08:18:47","modified_gmt":"2025-01-10T08:18:47","slug":"erzurumda-eit-2025-coskusu-ucuncu-gununde-suruyor","status":"publish","type":"post","link":"https:\/\/haberbesiktas.tr\/?p=2399","title":{"rendered":"Erzurum&#8217;da E\u0130T 2025 co\u015fkusu \u00fc\u00e7\u00fcnc\u00fc g\u00fcn\u00fcnde s\u00fcr\u00fcyor"},"content":{"rendered":"<div> Ekonomik \u0130\u015fbirli\u011fi Te\u015fkilat\u0131 (E\u0130T) taraf\u0131ndan Erzurum&#8217;un &#8220;2025 Turizm Ba\u015fkenti&#8221; ilan edilmesi kapsam\u0131nda organize edilen K\u0131\u015f Oyunlar\u0131&#8217;n\u0131n \u00fc\u00e7\u00fcnc\u00fc g\u00fcn yar\u0131\u015flar\u0131 ba\u015flad\u0131.<\/p>\n<p> Tertipte bug\u00fcn alp disiplini, snowboard, h\u0131z pateni (short track) ve curling ile kar voleybolu kar\u015f\u0131la\u015fmalar\u0131 yap\u0131l\u0131yor.<\/p>\n<p> Paland\u00f6ken Kayak Merkezi ile Curling ve Buz Pateni salonlar\u0131nda d\u00fczenlenen yar\u0131\u015flarda, 312 sportmen \u00e7aba edecek.<\/p>\n<p> Yar\u0131\u015flar, 12 Ocak&#8217;a kadar devam edecek.<\/p><\/div>\n","protected":false},"excerpt":{"rendered":"<p>Erzurum&#8217;da d\u00fczenlenen tertipte alp disiplini, snowboard, curling ve kar voleybolu \u00fczere bran\u015flarda 312 atlet \u00e7aba ediyor.<\/p>\n","protected":false},"author":1,"featured_media":2400,"comment_status":"open","ping_status":"open","sticky":false,"template":"","format":"standard","meta":{"footnotes":""},"categories":[27],"tags":[],"class_list":["post-2399","post","type-post","status-publish","format-standard","has-post-thumbnail","hentry","category-guncel-haberler"],"_links":{"self":[{"href":"https:\/\/haberbesiktas.tr\/index.php?rest_route=\/wp\/v2\/posts\/2399","targetHints":{"allow":["GET"]}}],"collection":[{"href":"https:\/\/haberbesiktas.tr\/index.php?rest_route=\/wp\/v2\/posts"}],"about":[{"href":"https:\/\/haberbesiktas.tr\/index.php?rest_route=\/wp\/v2\/types\/post"}],"author":[{"embeddable":true,"href":"https:\/\/haberbesiktas.tr\/index.php?rest_route=\/wp\/v2\/users\/1"}],"replies":[{"embeddable":true,"href":"https:\/\/haberbesiktas.tr\/index.php?rest_route=%2Fwp%2Fv2%2Fcomments&post=2399"}],"version-history":[{"count":1,"href":"https:\/\/haberbesiktas.tr\/index.php?rest_route=\/wp\/v2\/posts\/2399\/revisions"}],"predecessor-version":[{"id":2401,"href":"https:\/\/haberbesiktas.tr\/index.php?rest_route=\/wp\/v2\/posts\/2399\/revisions\/2401"}],"wp:featuredmedia":[{"embeddable":true,"href":"https:\/\/haberbesiktas.tr\/index.php?rest_route=\/wp\/v2\/media\/2400"}],"wp:attachment":[{"href":"https:\/\/haberbesiktas.tr\/index.php?rest_route=%2Fwp%2Fv2%2Fmedia&parent=2399"}],"wp:term":[{"taxonomy":"category","embeddable":true,"href":"https:\/\/haberbesiktas.tr\/index.php?rest_route=%2Fwp%2Fv2%2Fcategories&post=2399"},{"taxonomy":"post_tag","embeddable":true,"href":"https:\/\/haberbesiktas.tr\/index.php?rest_route=%2Fwp%2Fv2%2Ftags&post=2399"}],"curies":[{"name":"wp","href":"https:\/\/api.w.org\/{rel}","templated":true}]}}