{"id":23992,"date":"2025-04-26T15:48:05","date_gmt":"2025-04-26T15:48:05","guid":{"rendered":"https:\/\/haberbesiktas.tr\/?p=23992"},"modified":"2025-04-26T15:48:05","modified_gmt":"2025-04-26T15:48:05","slug":"serdal-adali-hesap-soracak","status":"publish","type":"post","link":"https:\/\/haberbesiktas.tr\/?p=23992","title":{"rendered":"Serdal Adal\u0131 hesap soracak!"},"content":{"rendered":"<div>\n<p>Be\u015fikta\u015f&#8217;ta 1 Mart Cumartesi g\u00fcn\u00fc divan kurulu toplant\u0131s\u0131 yap\u0131lacak.<\/p>\n<p> Toplulukta herkes g\u00f6z\u00fcn\u00fc bu toplant\u0131ya \u00e7evirdi. Kayserispor ma\u00e7\u0131 \u00f6ncesi toplanacak olan genel \u015fura \u00fcyelerinin g\u00fcndeminde denetleme \u015furas\u0131n\u0131n a\u00e7\u0131klad\u0131\u011f\u0131 vahim tablo olacak. Lider Serdal Adal\u0131, ge\u00e7mi\u015f idareye hesap soracak.\u00a0<\/p>\n<p> <strong>H\u00dcSEY\u0130N Y\u00dcCEL KATILACAK<\/strong><\/p>\n<p> Hasan Arat&#8217;\u0131n kat\u0131lmas\u0131 beklenmiyor lakin o d\u00f6nemin ikinci ba\u015fkan\u0131 H\u00fcseyin Y\u00fccel, Divan Konseyi&#8217;ne kat\u0131lacak.<\/p>\n<\/div>\n","protected":false},"excerpt":{"rendered":"<p>Denetleme raporunun masaya yat\u0131r\u0131laca\u011f\u0131 toplant\u0131da, Be\u015fikta\u015f ba\u015fkan\u0131 Serdal Adal\u0131, ge\u00e7mi\u015f idareye hesap soracak.<\/p>\n","protected":false},"author":1,"featured_media":23993,"comment_status":"open","ping_status":"open","sticky":false,"template":"","format":"standard","meta":{"footnotes":""},"categories":[25],"tags":[],"class_list":["post-23992","post","type-post","status-publish","format-standard","has-post-thumbnail","hentry","category-futbol"],"_links":{"self":[{"href":"https:\/\/haberbesiktas.tr\/index.php?rest_route=\/wp\/v2\/posts\/23992","targetHints":{"allow":["GET"]}}],"collection":[{"href":"https:\/\/haberbesiktas.tr\/index.php?rest_route=\/wp\/v2\/posts"}],"about":[{"href":"https:\/\/haberbesiktas.tr\/index.php?rest_route=\/wp\/v2\/types\/post"}],"author":[{"embeddable":true,"href":"https:\/\/haberbesiktas.tr\/index.php?rest_route=\/wp\/v2\/users\/1"}],"replies":[{"embeddable":true,"href":"https:\/\/haberbesiktas.tr\/index.php?rest_route=%2Fwp%2Fv2%2Fcomments&post=23992"}],"version-history":[{"count":1,"href":"https:\/\/haberbesiktas.tr\/index.php?rest_route=\/wp\/v2\/posts\/23992\/revisions"}],"predecessor-version":[{"id":23994,"href":"https:\/\/haberbesiktas.tr\/index.php?rest_route=\/wp\/v2\/posts\/23992\/revisions\/23994"}],"wp:featuredmedia":[{"embeddable":true,"href":"https:\/\/haberbesiktas.tr\/index.php?rest_route=\/wp\/v2\/media\/23993"}],"wp:attachment":[{"href":"https:\/\/haberbesiktas.tr\/index.php?rest_route=%2Fwp%2Fv2%2Fmedia&parent=23992"}],"wp:term":[{"taxonomy":"category","embeddable":true,"href":"https:\/\/haberbesiktas.tr\/index.php?rest_route=%2Fwp%2Fv2%2Fcategories&post=23992"},{"taxonomy":"post_tag","embeddable":true,"href":"https:\/\/haberbesiktas.tr\/index.php?rest_route=%2Fwp%2Fv2%2Ftags&post=23992"}],"curies":[{"name":"wp","href":"https:\/\/api.w.org\/{rel}","templated":true}]}}