{"id":24014,"date":"2025-04-26T17:12:06","date_gmt":"2025-04-26T17:12:06","guid":{"rendered":"https:\/\/haberbesiktas.tr\/?p=24014"},"modified":"2025-04-26T17:12:06","modified_gmt":"2025-04-26T17:12:06","slug":"kadin-yoneticilerin-azligina-dikkati-ceken-16-kadin-futbol-kulubu-kurdu","status":"publish","type":"post","link":"https:\/\/haberbesiktas.tr\/?p=24014","title":{"rendered":"Kad\u0131n y\u00f6neticilerin azl\u0131\u011f\u0131na dikkati \u00e7eken 16 kad\u0131n, futbol kul\u00fcb\u00fc kurdu"},"content":{"rendered":"<div>\u0130zmir&#8217;in Urla il\u00e7esinde futbolu \u00e7ok seven Rana \u00d6zdemir ve de\u011fi\u015fik mesleklerden 15 bayan arkada\u015f\u0131, futbol kul\u00fcb\u00fc kurdu.<\/p>\n<p> Urla&#8217;da ya\u015fayan Rana \u00d6zdemir, G\u00fczelbah\u00e7e il\u00e7esindeki bir futbol kul\u00fcb\u00fcn\u00fcn y\u00f6neticili\u011fini yapan e\u015fi sayesinde futbola ilgi duymaya ba\u015flad\u0131.<\/p>\n<p> Trib\u00fcnlerden yakla\u015f\u0131k 6 y\u0131ld\u0131r ma\u00e7lar\u0131 takip eden Rana \u00d6zdemir, futbol kul\u00fcplerinde bayan y\u00f6neticilerin az oldu\u011funu fark etti ve ilgili bayan arkada\u015flar\u0131yla bu durumu de\u011fi\u015ftirmek ve fark\u0131ndal\u0131k olu\u015fturmak emeliyle ge\u00e7en y\u0131l aral\u0131k ay\u0131nda kul\u00fcp kurdu.<\/p>\n<p> Kul\u00fcbe k\u0131z\u0131n\u0131n ismini veren \u00d6zdemir, istekli futbolcular\u0131 da kadroda bulu\u015fturdu.<\/p>\n<p> Hanzadespor, bayan y\u00f6neticileri ve erkek atletleriyle \u0130zmir 2. Amat\u00f6r Lig 12 K\u00fcme&#8217;de u\u011fra\u015f edecek.<\/p>\n<p> Pazar g\u00fcn\u00fc ilk lig ma\u00e7\u0131na \u00e7\u0131kacak Hanzadespor, m\u00fcsabaka \u00f6ncesi haz\u0131rl\u0131klar\u0131n\u0131 s\u00fcrd\u00fcr\u00fcyor.<\/p>\n<p> <strong>&#8220;Herkes g\u00f6n\u00fcll\u00fc &#8220;<\/strong><\/p>\n<p> Kul\u00fcb\u00fcn ba\u015fkan\u0131, muhasebeci Rana \u00d6zdemir AA muhabirine, idarede yer alan bayanlar\u0131n tamam\u0131n\u0131n antren\u00f6r e\u015fleri ya da futbol okulunda e\u011fitim alan \u00e7ocuklar\u0131 hasebiyle futbolun i\u00e7inde oldu\u011funu s\u00f6yledi.<\/p>\n<p> \u0130darede mesken han\u0131m\u0131, kuaf\u00f6r, terzi bayanlar\u0131n oldu\u011funu aktaran \u00d6zdemir, <strong>&#8220;Hafta sonu t\u00fcm tak\u0131m trib\u00fcndeyiz. \u0130dmanlara da gelmeye \u00e7al\u0131\u015f\u0131yorum. Gayemiz 1. Lig&#8217;e y\u00fckselmek. 40 ki\u015filik oyuncu k\u00fcmemiz var. 11 ya\u015f alt\u0131 grubumuz da ba\u015flad\u0131. A ekipteki oyuncular\u0131 tan\u0131yordum, bu i\u015fe ba\u015flay\u0131nca &#8216;abla ben de geliyorum&#8217; dediler. Futbolcular\u0131m\u0131z, idaremiz, bir anda olu\u015ftu. Bu bir grup i\u015fi. Herkes severek, istekli yan\u0131mda. Daima istekli, aray\u0131p geldiler. Transferlerimiz de devam ediyor.&#8221;<\/strong> diye konu\u015ftu.<\/p>\n<p> Bayanlar\u0131n futbolun i\u00e7inde olmas\u0131n\u0131n olumlu yanlar\u0131n\u0131 g\u00f6rd\u00fcklerini lisana getiren \u00d6zdemir, <strong>&#8220;Kad\u0131nlar ve \u00e7ocuklar olunca trib\u00fcnler daha d\u00fczeyli oluyor. Dikkat ediyorlar.&#8221;<\/strong> dedi.<\/p>\n<p> <strong>&#8220;Kad\u0131nlar\u0131n nezaketinin de alanlarda olmas\u0131n\u0131 istiyoruz&#8221;<\/strong><\/p>\n<p> Y\u00f6neticilerden Birben Yontar da kafe i\u015fletti\u011fini, o\u011flu oynad\u0131\u011f\u0131 i\u00e7in 5-6 y\u0131ld\u0131r futbol takip etti\u011fini s\u00f6yledi.<\/p>\n<p> Bayanlar\u0131n ye\u015fil alanlarda y\u00f6netici olarak yer almas\u0131n\u0131n garipsendi\u011fini anlatan Yontar, bir\u00e7ok ki\u015finin futbolu &#8220;erkek i\u015fi&#8221; g\u00f6rd\u00fc\u011f\u00fcn\u00fc s\u00f6z etti.<\/p>\n<p> Yontar, bayan futbolcular \u00fczere bayan y\u00f6neticilerin de olmas\u0131 gerekti\u011fini vurgulayarak <strong>&#8220;Y\u00f6netimin bayanlar\u0131ndan olmas\u0131n\u0131 bilhassa tercih ettik. Bayanlar\u0131n nezaketinin de alanlarda olmas\u0131n\u0131 istiyoruz.&#8221;<\/strong> dedi.<\/p>\n<p> Y\u00f6neticilerden muhasebeci Elvan Kal\u0131ndamar ise e\u015finin antren\u00f6rl\u00fck yapt\u0131\u011f\u0131n\u0131, bu nedenle futbola a\u015fina oldu\u011funu kaydetti.<\/p>\n<p> <strong>Tak\u0131mdaki erkeklerin d\u00fc\u015f\u00fcnceleri<\/strong><\/p>\n<p> Grubun teknik y\u00f6neticisi Erhan Da\u015fdelen, <strong>&#8220;T\u00fcrk bayan\u0131n\u0131n g\u00fcc\u00fcn\u00fc Hanzadespor olarak alanlara yans\u0131tmak istediklerini&#8221;<\/strong> lisana getirdi.<\/p>\n<p> Da\u015fdelen, <strong>&#8220;Bizim i\u00e7in de bir birinci oluyor. Alanlarda da ho\u015f bir imaj verece\u011fimize inan\u0131yorum. Futbol denilince akla erkekler geliyor ancak bunun y\u0131k\u0131lmas\u0131 gerekiyor. \u00c7ok fazla arbede oluyor. Bunlar\u0131n y\u0131k\u0131lmas\u0131 i\u00e7in bir birincisi ger\u00e7ekle\u015ftirece\u011fiz.&#8221;<\/strong> dedi.<\/p>\n<p> Grup kaptan\u0131 Erdi Y\u0131lmaz, grubun mod\u00fcl\u00fc olmaktan duydu\u011fu memnunlu\u011fu lisana getirerek <strong>&#8220;\u0130n\u015fallah sonu \u015fampiyonluk olacak. Bayan y\u00f6neticilerin davran\u0131\u015flar\u0131 daha yak\u0131n ve naif oluyorlar. Kalabal\u0131k bir erkek k\u00fcmesinde oldu\u011fumuz i\u00e7in bizim i\u00e7in de daha yeterli oldu.&#8221;<\/strong> s\u00f6zlerini kuland\u0131.<\/p>\n<p> Oyunculardan Yi\u011fit Y\u0131ld\u0131r\u0131r ise bayan y\u00f6neticilerin \u00e7ok ilgili oldu\u011funu ve aile ortam\u0131 sa\u011fland\u0131\u011f\u0131n\u0131 anlatt\u0131.<\/p>\n<\/div>\n","protected":false},"excerpt":{"rendered":"<p>\u0130zmir&#8217;de 16 y\u00f6neticisinin tamam\u0131 bayan olan erkek futbol kadrosu Hanzadespor, amat\u00f6r ligde birinci ma\u00e7\u0131na \u00e7\u0131kmaya haz\u0131rlan\u0131yor.<\/p>\n","protected":false},"author":1,"featured_media":24015,"comment_status":"open","ping_status":"open","sticky":false,"template":"","format":"standard","meta":{"footnotes":""},"categories":[25],"tags":[172,246,1493,536,52],"class_list":["post-24014","post","type-post","status-publish","format-standard","has-post-thumbnail","hentry","category-futbol","tag-futbol","tag-kadin","tag-olmasi","tag-ozdemir","tag-takim"],"_links":{"self":[{"href":"https:\/\/haberbesiktas.tr\/index.php?rest_route=\/wp\/v2\/posts\/24014","targetHints":{"allow":["GET"]}}],"collection":[{"href":"https:\/\/haberbesiktas.tr\/index.php?rest_route=\/wp\/v2\/posts"}],"about":[{"href":"https:\/\/haberbesiktas.tr\/index.php?rest_route=\/wp\/v2\/types\/post"}],"author":[{"embeddable":true,"href":"https:\/\/haberbesiktas.tr\/index.php?rest_route=\/wp\/v2\/users\/1"}],"replies":[{"embeddable":true,"href":"https:\/\/haberbesiktas.tr\/index.php?rest_route=%2Fwp%2Fv2%2Fcomments&post=24014"}],"version-history":[{"count":1,"href":"https:\/\/haberbesiktas.tr\/index.php?rest_route=\/wp\/v2\/posts\/24014\/revisions"}],"predecessor-version":[{"id":24016,"href":"https:\/\/haberbesiktas.tr\/index.php?rest_route=\/wp\/v2\/posts\/24014\/revisions\/24016"}],"wp:featuredmedia":[{"embeddable":true,"href":"https:\/\/haberbesiktas.tr\/index.php?rest_route=\/wp\/v2\/media\/24015"}],"wp:attachment":[{"href":"https:\/\/haberbesiktas.tr\/index.php?rest_route=%2Fwp%2Fv2%2Fmedia&parent=24014"}],"wp:term":[{"taxonomy":"category","embeddable":true,"href":"https:\/\/haberbesiktas.tr\/index.php?rest_route=%2Fwp%2Fv2%2Fcategories&post=24014"},{"taxonomy":"post_tag","embeddable":true,"href":"https:\/\/haberbesiktas.tr\/index.php?rest_route=%2Fwp%2Fv2%2Ftags&post=24014"}],"curies":[{"name":"wp","href":"https:\/\/api.w.org\/{rel}","templated":true}]}}