{"id":2402,"date":"2025-01-10T08:30:45","date_gmt":"2025-01-10T08:30:45","guid":{"rendered":"https:\/\/haberbesiktas.tr\/?p=2402"},"modified":"2025-01-10T08:30:45","modified_gmt":"2025-01-10T08:30:45","slug":"besiktas-fiba-kadinlar-eurocupta-ufab-49a-konuk-olacak","status":"publish","type":"post","link":"https:\/\/haberbesiktas.tr\/?p=2402","title":{"rendered":"Be\u015fikta\u015f, FIBA Kad\u0131nlar Eurocup&#8217;ta UFAB 49&#8217;a konuk olacak"},"content":{"rendered":"<div>Basketbolda FIBA Bayanlar Avrupa Kupas\u0131 son 16 \u00e7e\u015fidi birinci ma\u00e7\u0131nda Be\u015fikta\u015f, 9 Ocak Per\u015fembe g\u00fcn\u00fc deplasmanda Fransa temsilcisi UFAB 49 ile kar\u015f\u0131la\u015facak.<\/p>\n<p> Angers kentindeki Jean Bouin Spor Salonu&#8217;nda oynanacak m\u00fcsabakada hava at\u0131\u015f\u0131 TS\u0130 22.00&#8217;de yap\u0131lacak.<\/p>\n<p> R\u00f6van\u015f ma\u00e7\u0131 16 Ocak Per\u015fembe g\u00fcn\u00fc BJK Fibabanka Spor Kompleksi&#8217;nde siyah-beyazl\u0131 tak\u0131m\u0131n konut sahipli\u011finde oynanacak.<\/p>\n<p> Bu \u00e7e\u015fitte \u00e7eyrek final i\u00e7in u\u011fra\u015f edecek olan Be\u015fikta\u015f, play-off&#8217;ta Polonya temsilcisi Enea Gorzow&#8217;u elemeyi ba\u015farm\u0131\u015ft\u0131.<\/p>\n<\/div>\n","protected":false},"excerpt":{"rendered":"<p>Be\u015fikta\u015f, FIBA Bayanlar Eurocup&#8217;ta 9 Ocak Per\u015fembe g\u00fcn\u00fc UFAB 49&#8217;a konuk olacak.<\/p>\n","protected":false},"author":1,"featured_media":2403,"comment_status":"open","ping_status":"open","sticky":false,"template":"","format":"standard","meta":{"footnotes":""},"categories":[10],"tags":[],"class_list":["post-2402","post","type-post","status-publish","format-standard","has-post-thumbnail","hentry","category-basketbol"],"_links":{"self":[{"href":"https:\/\/haberbesiktas.tr\/index.php?rest_route=\/wp\/v2\/posts\/2402","targetHints":{"allow":["GET"]}}],"collection":[{"href":"https:\/\/haberbesiktas.tr\/index.php?rest_route=\/wp\/v2\/posts"}],"about":[{"href":"https:\/\/haberbesiktas.tr\/index.php?rest_route=\/wp\/v2\/types\/post"}],"author":[{"embeddable":true,"href":"https:\/\/haberbesiktas.tr\/index.php?rest_route=\/wp\/v2\/users\/1"}],"replies":[{"embeddable":true,"href":"https:\/\/haberbesiktas.tr\/index.php?rest_route=%2Fwp%2Fv2%2Fcomments&post=2402"}],"version-history":[{"count":1,"href":"https:\/\/haberbesiktas.tr\/index.php?rest_route=\/wp\/v2\/posts\/2402\/revisions"}],"predecessor-version":[{"id":2404,"href":"https:\/\/haberbesiktas.tr\/index.php?rest_route=\/wp\/v2\/posts\/2402\/revisions\/2404"}],"wp:featuredmedia":[{"embeddable":true,"href":"https:\/\/haberbesiktas.tr\/index.php?rest_route=\/wp\/v2\/media\/2403"}],"wp:attachment":[{"href":"https:\/\/haberbesiktas.tr\/index.php?rest_route=%2Fwp%2Fv2%2Fmedia&parent=2402"}],"wp:term":[{"taxonomy":"category","embeddable":true,"href":"https:\/\/haberbesiktas.tr\/index.php?rest_route=%2Fwp%2Fv2%2Fcategories&post=2402"},{"taxonomy":"post_tag","embeddable":true,"href":"https:\/\/haberbesiktas.tr\/index.php?rest_route=%2Fwp%2Fv2%2Ftags&post=2402"}],"curies":[{"name":"wp","href":"https:\/\/api.w.org\/{rel}","templated":true}]}}