{"id":2408,"date":"2025-01-10T09:06:46","date_gmt":"2025-01-10T09:06:46","guid":{"rendered":"https:\/\/haberbesiktas.tr\/?p=2408"},"modified":"2025-01-10T09:06:46","modified_gmt":"2025-01-10T09:06:46","slug":"altayda-kuban-soku","status":"publish","type":"post","link":"https:\/\/haberbesiktas.tr\/?p=2408","title":{"rendered":"Altay&#8217;da Kuban \u015foku"},"content":{"rendered":"<div>TFF 2&#8217;nci Lig Beyaz K\u00fcme&#8217;de k\u00fcmede kalma u\u011fra\u015f\u0131 verece\u011fi ikinci yar\u0131 \u00f6ncesi devre ortas\u0131 haz\u0131rl\u0131klar\u0131n\u0131 \u0130zmir&#8217;de s\u00fcrd\u00fcren Altay&#8217;da stoper Kuban Altunbudak&#8217;\u0131n sakatl\u0131\u011f\u0131 moralleri bozdu. <\/p>\n<p>Sezonun birinci yar\u0131s\u0131nda oynad\u0131\u011f\u0131 10 m\u00fcsabakada birinci 11&#8217;de misyon yap\u0131p 900 dakika alanda kalan 23 ya\u015f\u0131ndaki savunma oyuncusuna &#8216;osteitis pubis&#8217; te\u015fhisi konuldu.<\/p>\n<p> Kas\u0131k b\u00f6lgesindeki a\u011fr\u0131lar\u0131 sonras\u0131 MR&#8217;\u0131 \u00e7ekilen Kuban&#8217;\u0131n tedavisine ba\u015fland\u0131\u011f\u0131 belirtildi. \u0130dmanlara kat\u0131lmayan Kuban&#8217;\u0131n g\u00fczelle\u015fmesinin 4-6 haftay\u0131 bulabilece\u011fi belirtildi. \u00d6te yandan alacaklar\u0131 \u00f6denmeyince ailesinin yan\u0131na Antalya&#8217;ya giden kaleci Ozan&#8217;\u0131n idarenin davetine kar\u015f\u0131n \u015fimdi kadroya d\u00f6nmedi\u011fi \u00f6\u011frenildi. Siyah-beyazl\u0131larda birinci yar\u0131da \u00e7apraz ba\u011f sakatl\u0131\u011f\u0131 ya\u015fayan Ceyhun da d\u00f6nemi kapatm\u0131\u015ft\u0131.<\/p>\n<\/div>\n","protected":false},"excerpt":{"rendered":"<p>Haz\u0131rl\u0131klar\u0131n\u0131 \u0130zmir&#8217;de s\u00fcrd\u00fcren Altay&#8217;da stoper Kuban Altunbudak&#8217;\u0131n sakatl\u0131\u011f\u0131 moralleri bozdu.<\/p>\n","protected":false},"author":1,"featured_media":2409,"comment_status":"open","ping_status":"open","sticky":false,"template":"","format":"standard","meta":{"footnotes":""},"categories":[25],"tags":[],"class_list":["post-2408","post","type-post","status-publish","format-standard","has-post-thumbnail","hentry","category-futbol"],"_links":{"self":[{"href":"https:\/\/haberbesiktas.tr\/index.php?rest_route=\/wp\/v2\/posts\/2408","targetHints":{"allow":["GET"]}}],"collection":[{"href":"https:\/\/haberbesiktas.tr\/index.php?rest_route=\/wp\/v2\/posts"}],"about":[{"href":"https:\/\/haberbesiktas.tr\/index.php?rest_route=\/wp\/v2\/types\/post"}],"author":[{"embeddable":true,"href":"https:\/\/haberbesiktas.tr\/index.php?rest_route=\/wp\/v2\/users\/1"}],"replies":[{"embeddable":true,"href":"https:\/\/haberbesiktas.tr\/index.php?rest_route=%2Fwp%2Fv2%2Fcomments&post=2408"}],"version-history":[{"count":1,"href":"https:\/\/haberbesiktas.tr\/index.php?rest_route=\/wp\/v2\/posts\/2408\/revisions"}],"predecessor-version":[{"id":2410,"href":"https:\/\/haberbesiktas.tr\/index.php?rest_route=\/wp\/v2\/posts\/2408\/revisions\/2410"}],"wp:featuredmedia":[{"embeddable":true,"href":"https:\/\/haberbesiktas.tr\/index.php?rest_route=\/wp\/v2\/media\/2409"}],"wp:attachment":[{"href":"https:\/\/haberbesiktas.tr\/index.php?rest_route=%2Fwp%2Fv2%2Fmedia&parent=2408"}],"wp:term":[{"taxonomy":"category","embeddable":true,"href":"https:\/\/haberbesiktas.tr\/index.php?rest_route=%2Fwp%2Fv2%2Fcategories&post=2408"},{"taxonomy":"post_tag","embeddable":true,"href":"https:\/\/haberbesiktas.tr\/index.php?rest_route=%2Fwp%2Fv2%2Ftags&post=2408"}],"curies":[{"name":"wp","href":"https:\/\/api.w.org\/{rel}","templated":true}]}}