{"id":24223,"date":"2025-04-27T07:00:07","date_gmt":"2025-04-27T07:00:07","guid":{"rendered":"https:\/\/haberbesiktas.tr\/?p=24223"},"modified":"2025-04-27T07:00:07","modified_gmt":"2025-04-27T07:00:07","slug":"real-valladolid-ile-las-palmas-yenisemedi","status":"publish","type":"post","link":"https:\/\/haberbesiktas.tr\/?p=24223","title":{"rendered":"Real Valladolid ile Las Palmas yeni\u015femedi!"},"content":{"rendered":"<div>\u0130spanya La Liga&#8217;n\u0131n 26. haftas\u0131nda Real Valladolid, Las Palmas&#8217;\u0131 konuk etti.<\/p>\n<p> Jose Zorrilla Stadyumu&#8217;nda oynanan \u00e7aba, 1-1 beraberlikle sonu\u00e7land\u0131.<\/p>\n<p> Las Palmas&#8217;ta fileleri 22&#8217;nci dakikada <strong>Sandro Ramirez<\/strong> havaland\u0131rd\u0131. Real Valladolid&#8217;in gol\u00fcn\u00fc ise 63&#8217;\u00fcnc\u00fc dakikada<strong> Juanmi Latasa<\/strong> kaydetti.<\/p>\n<p> \u00d6te yandan Las Palmas&#8217;ta <strong>Scott McKenna<\/strong>, 29&#8217;uncu dakikada k\u0131rm\u0131z\u0131 kartla cezaland\u0131r\u0131ld\u0131.<\/p>\n<p> 6 ma\u00e7l\u0131k yenilgi serisi son bulan Real Valladolid&#8217;in galibiyet hasreti 7 ma\u00e7a \u00e7\u0131kt\u0131.<\/p>\n<p> 4 ma\u00e7l\u0131k yenilgi serisi sona eren Las Palmas&#8217;\u0131n ise galibiyet hasreti 8 ma\u00e7a y\u00fckseldi.<\/p>\n<p> Bu sonucun akabinde Las Palmas 24 puanla 16, Real Valladolid ise 16 puana son s\u0131rada konumland\u0131.<\/p>\n<p> Ligde bir sonraki hafta Valladolid, Valencia&#8217;ya konuk olacak. Las Palmas ise deplasmanda Real Betis ile kar\u015f\u0131 kar\u015f\u0131ya gelecek.<\/p>\n<\/div>\n","protected":false},"excerpt":{"rendered":"<p>\u0130spanya La Liga&#8217;n\u0131n 26. haftas\u0131nda Real Valladolid, 29. dakikada 10 ki\u015fi kalan Las Palmas ile 1-1 berabere kald\u0131.<\/p>\n","protected":false},"author":1,"featured_media":24224,"comment_status":"open","ping_status":"open","sticky":false,"template":"","format":"standard","meta":{"footnotes":""},"categories":[25],"tags":[621,700,2235],"class_list":["post-24223","post","type-post","status-publish","format-standard","has-post-thumbnail","hentry","category-futbol","tag-las-palmas","tag-real","tag-valladolid"],"_links":{"self":[{"href":"https:\/\/haberbesiktas.tr\/index.php?rest_route=\/wp\/v2\/posts\/24223","targetHints":{"allow":["GET"]}}],"collection":[{"href":"https:\/\/haberbesiktas.tr\/index.php?rest_route=\/wp\/v2\/posts"}],"about":[{"href":"https:\/\/haberbesiktas.tr\/index.php?rest_route=\/wp\/v2\/types\/post"}],"author":[{"embeddable":true,"href":"https:\/\/haberbesiktas.tr\/index.php?rest_route=\/wp\/v2\/users\/1"}],"replies":[{"embeddable":true,"href":"https:\/\/haberbesiktas.tr\/index.php?rest_route=%2Fwp%2Fv2%2Fcomments&post=24223"}],"version-history":[{"count":1,"href":"https:\/\/haberbesiktas.tr\/index.php?rest_route=\/wp\/v2\/posts\/24223\/revisions"}],"predecessor-version":[{"id":24225,"href":"https:\/\/haberbesiktas.tr\/index.php?rest_route=\/wp\/v2\/posts\/24223\/revisions\/24225"}],"wp:featuredmedia":[{"embeddable":true,"href":"https:\/\/haberbesiktas.tr\/index.php?rest_route=\/wp\/v2\/media\/24224"}],"wp:attachment":[{"href":"https:\/\/haberbesiktas.tr\/index.php?rest_route=%2Fwp%2Fv2%2Fmedia&parent=24223"}],"wp:term":[{"taxonomy":"category","embeddable":true,"href":"https:\/\/haberbesiktas.tr\/index.php?rest_route=%2Fwp%2Fv2%2Fcategories&post=24223"},{"taxonomy":"post_tag","embeddable":true,"href":"https:\/\/haberbesiktas.tr\/index.php?rest_route=%2Fwp%2Fv2%2Ftags&post=24223"}],"curies":[{"name":"wp","href":"https:\/\/api.w.org\/{rel}","templated":true}]}}