{"id":24226,"date":"2025-04-27T07:12:07","date_gmt":"2025-04-27T07:12:07","guid":{"rendered":"https:\/\/haberbesiktas.tr\/?p=24226"},"modified":"2025-04-27T07:12:07","modified_gmt":"2025-04-27T07:12:07","slug":"luca-banchi-galip-geldigimiz-icin-mutluyum","status":"publish","type":"post","link":"https:\/\/haberbesiktas.tr\/?p=24226","title":{"rendered":"Luca Banchi: &#8220;Galip geldi\u011fimiz i\u00e7in mutluyum&#8221;"},"content":{"rendered":"<div>Basketbol THY Euroleague&#8217;in 27. haftas\u0131nda a\u011f\u0131rlad\u0131\u011f\u0131 Almanya grubu ALBA Berlin&#8217;i 98-73 ma\u011flup eden Anadolu Efes&#8217;te ba\u015fantren\u00f6r Luca Banchi, kazand\u0131klar\u0131 i\u00e7in keyifli olduklar\u0131n\u0131 s\u00f6yledi.<\/p>\n<p> \u0130talyan \u00e7al\u0131\u015ft\u0131r\u0131c\u0131, Basketbol Geli\u015fim Merkezi&#8217;nde oynanan m\u00fcsabakan\u0131n akabinde d\u00fczenlenen bas\u0131n toplant\u0131s\u0131nda a\u00e7\u0131klamalarda bulundu.<\/p>\n<p> Ola\u011fan d\u00f6nemin kritik bir devrinde ald\u0131klar\u0131 galibiyetin de\u011ferli oldu\u011funu belirten Banchi, <strong>&#8220;Galip geldi\u011fimiz i\u00e7in memnunum. Birinci 20 dakikadaki oyunumuzdan \u00e7ok mutluyum. \u0130kinci yar\u0131da da savunmada \u00e7ok daha uygun i\u015f \u00e7\u0131karmaya ba\u015flad\u0131k. Ribauntlarda g\u00fczel i\u015f \u00e7\u0131kard\u0131k. Birinci 10 dakikadan sonra atakta d\u00fczg\u00fcn bir performans sergiledik. Sorumluluk ald\u0131k, \u015fut\u00f6rleri \u00e7ok \u00e2l\u00e2 bulduk.&#8221;<\/strong> s\u00f6zlerini kulland\u0131.<\/p>\n<p> ALBA Berlin Ba\u015fantren\u00f6r\u00fc Israel Gonzalez ise ya\u015fad\u0131klar\u0131 farkl\u0131 yenilgi nedeniyle \u00fczg\u00fcn olduklar\u0131n\u0131 lisana getirdi.<\/p>\n<p> Galibiyetten \u00f6t\u00fcr\u00fc Anadolu Efes&#8217;i tebrik eden Gonzalez, <strong>&#8220;Bire birde \u00e7ok fazla ge\u00e7i\u015fe m\u00fcsaade verdik. Sorumluluk almal\u0131 ve karakter koymal\u0131y\u0131z. S\u00fcratli hamlelerden \u00e7ok say\u0131 yedik. Bilhassa d\u00f6rd\u00fcnc\u00fc \u00e7eyrek hayli mak\u00fbs ge\u00e7ti. Ma\u011flup oldu\u011fumuz i\u00e7in \u00fczg\u00fcn\u00fcz.&#8221;<\/strong> diye konu\u015ftu.<\/p>\n<\/div>\n","protected":false},"excerpt":{"rendered":"<p>Basketbol THY Euroleague&#8217;in 27. haftas\u0131nda a\u011f\u0131rlad\u0131\u011f\u0131 Almanya grubu ALBA Berlin&#8217;i 98-73 ma\u011flup eden Anadolu Efes&#8217;te ba\u015fantren\u00f6r Luca Banchi, ma\u00e7\u0131n akabinde a\u00e7\u0131klamalarda bulundu.<\/p>\n","protected":false},"author":1,"featured_media":24227,"comment_status":"open","ping_status":"open","sticky":false,"template":"","format":"standard","meta":{"footnotes":""},"categories":[10],"tags":[],"class_list":["post-24226","post","type-post","status-publish","format-standard","has-post-thumbnail","hentry","category-basketbol"],"_links":{"self":[{"href":"https:\/\/haberbesiktas.tr\/index.php?rest_route=\/wp\/v2\/posts\/24226","targetHints":{"allow":["GET"]}}],"collection":[{"href":"https:\/\/haberbesiktas.tr\/index.php?rest_route=\/wp\/v2\/posts"}],"about":[{"href":"https:\/\/haberbesiktas.tr\/index.php?rest_route=\/wp\/v2\/types\/post"}],"author":[{"embeddable":true,"href":"https:\/\/haberbesiktas.tr\/index.php?rest_route=\/wp\/v2\/users\/1"}],"replies":[{"embeddable":true,"href":"https:\/\/haberbesiktas.tr\/index.php?rest_route=%2Fwp%2Fv2%2Fcomments&post=24226"}],"version-history":[{"count":1,"href":"https:\/\/haberbesiktas.tr\/index.php?rest_route=\/wp\/v2\/posts\/24226\/revisions"}],"predecessor-version":[{"id":24228,"href":"https:\/\/haberbesiktas.tr\/index.php?rest_route=\/wp\/v2\/posts\/24226\/revisions\/24228"}],"wp:featuredmedia":[{"embeddable":true,"href":"https:\/\/haberbesiktas.tr\/index.php?rest_route=\/wp\/v2\/media\/24227"}],"wp:attachment":[{"href":"https:\/\/haberbesiktas.tr\/index.php?rest_route=%2Fwp%2Fv2%2Fmedia&parent=24226"}],"wp:term":[{"taxonomy":"category","embeddable":true,"href":"https:\/\/haberbesiktas.tr\/index.php?rest_route=%2Fwp%2Fv2%2Fcategories&post=24226"},{"taxonomy":"post_tag","embeddable":true,"href":"https:\/\/haberbesiktas.tr\/index.php?rest_route=%2Fwp%2Fv2%2Ftags&post=24226"}],"curies":[{"name":"wp","href":"https:\/\/api.w.org\/{rel}","templated":true}]}}