{"id":24232,"date":"2025-04-27T07:36:07","date_gmt":"2025-04-27T07:36:07","guid":{"rendered":"https:\/\/haberbesiktas.tr\/?p=24232"},"modified":"2025-04-27T07:36:07","modified_gmt":"2025-04-27T07:36:07","slug":"fenerbahceden-iki-oyuncu-icin-tapu-operasyonu","status":"publish","type":"post","link":"https:\/\/haberbesiktas.tr\/?p=24232","title":{"rendered":"Fenerbah\u00e7e&#8217;den iki oyuncu i\u00e7in tapu operasyonu"},"content":{"rendered":"<div>Fenerbah\u00e7e&#8217;de, ge\u00e7ti\u011fimiz yaz Juventus&#8217;tan kiralad\u0131\u011f\u0131 Filip Kostic ve orta transfer periyodunda PSG&#8217;den s\u00fcreksiz transferle tak\u0131m\u0131na katt\u0131\u011f\u0131 Milan Skriniar&#8217;\u0131n performanslar\u0131 memnuniyet yarat\u0131yor.<\/p>\n<p> Sar\u0131 lacivertliler Kostic ve Skriniar&#8217;\u0131n bonservislerini almak i\u00e7in \u015fimdide kollar\u0131 s\u0131vad\u0131.<\/p>\n<p> <strong>FILIP KOSTIC<\/strong><\/p>\n<p> Teknik y\u00f6netici Jose Mourinho&#8217;nun raporu \u00fczerine S\u0131rp sol bek i\u00e7in Juventus ile tenasa ge\u00e7ildi.<\/p>\n<p> Filip Kostic bu d\u00f6nem \u00e7\u0131kt\u0131\u011f\u0131 23 ma\u00e7ta 2 sefer fileleri havaland\u0131r\u0131rken 6 da asist yapt\u0131.<\/p>\n<p> <strong>MILAN SKRINIAR<\/strong><\/p>\n<p> Fenerbah\u00e7e idaresi, PSG&#8217;yle de Skriniar pazarl\u0131\u011f\u0131na ba\u015flad\u0131.<\/p>\n<p> Sar\u0131 lacivertli formayla 8 ma\u00e7a \u00e7\u0131kan Slovak stoper ise 2 asistlik performans sergiledi.<\/p>\n<\/div>\n","protected":false},"excerpt":{"rendered":"<p>Fenerbah\u00e7e&#8217;de Filip Kostic ve Milan Skriniar performanslar\u0131yla g\u00f6z dolduruyor. Sar\u0131-lacivertli idaresinin Mourinho&#8217;dan gelen olumlu rapor \u00fczerine iki futbolcu i\u00e7in de harekete ge\u00e7ti\u011fi ileri s\u00fcr\u00fcld\u00fc.<\/p>\n","protected":false},"author":1,"featured_media":24233,"comment_status":"open","ping_status":"open","sticky":false,"template":"","format":"standard","meta":{"footnotes":""},"categories":[25],"tags":[],"class_list":["post-24232","post","type-post","status-publish","format-standard","has-post-thumbnail","hentry","category-futbol"],"_links":{"self":[{"href":"https:\/\/haberbesiktas.tr\/index.php?rest_route=\/wp\/v2\/posts\/24232","targetHints":{"allow":["GET"]}}],"collection":[{"href":"https:\/\/haberbesiktas.tr\/index.php?rest_route=\/wp\/v2\/posts"}],"about":[{"href":"https:\/\/haberbesiktas.tr\/index.php?rest_route=\/wp\/v2\/types\/post"}],"author":[{"embeddable":true,"href":"https:\/\/haberbesiktas.tr\/index.php?rest_route=\/wp\/v2\/users\/1"}],"replies":[{"embeddable":true,"href":"https:\/\/haberbesiktas.tr\/index.php?rest_route=%2Fwp%2Fv2%2Fcomments&post=24232"}],"version-history":[{"count":1,"href":"https:\/\/haberbesiktas.tr\/index.php?rest_route=\/wp\/v2\/posts\/24232\/revisions"}],"predecessor-version":[{"id":24234,"href":"https:\/\/haberbesiktas.tr\/index.php?rest_route=\/wp\/v2\/posts\/24232\/revisions\/24234"}],"wp:featuredmedia":[{"embeddable":true,"href":"https:\/\/haberbesiktas.tr\/index.php?rest_route=\/wp\/v2\/media\/24233"}],"wp:attachment":[{"href":"https:\/\/haberbesiktas.tr\/index.php?rest_route=%2Fwp%2Fv2%2Fmedia&parent=24232"}],"wp:term":[{"taxonomy":"category","embeddable":true,"href":"https:\/\/haberbesiktas.tr\/index.php?rest_route=%2Fwp%2Fv2%2Fcategories&post=24232"},{"taxonomy":"post_tag","embeddable":true,"href":"https:\/\/haberbesiktas.tr\/index.php?rest_route=%2Fwp%2Fv2%2Ftags&post=24232"}],"curies":[{"name":"wp","href":"https:\/\/api.w.org\/{rel}","templated":true}]}}