{"id":24235,"date":"2025-04-27T07:48:06","date_gmt":"2025-04-27T07:48:06","guid":{"rendered":"https:\/\/haberbesiktas.tr\/?p=24235"},"modified":"2025-04-27T07:48:06","modified_gmt":"2025-04-27T07:48:06","slug":"dis-basinda-olay-golun-yankilari-en-nesyri-puskasa-aday","status":"publish","type":"post","link":"https:\/\/haberbesiktas.tr\/?p=24235","title":{"rendered":"D\u0131\u015f bas\u0131nda olay gol\u00fcn yank\u0131lar\u0131: &#8220;En-Nesyri Puskas&#8217;a aday&#8221;"},"content":{"rendered":"<div>Fenerbah\u00e7e, Ziraat T\u00fcrkiye Kupas\u0131 B K\u00fcmesi 3. ma\u00e7\u0131nda Gaziantep FK&#8217;ya konuk oldu. M\u00fcsabakay\u0131 4-1 kazanarak \u00e7eyrek finale y\u00fckselen Sar\u0131-Lacivertliler&#8217;de Youssef En-Nesyri, att\u0131\u011f\u0131 golle ma\u00e7\u0131n y\u0131ld\u0131z\u0131 oldu. <\/p>\n<p>Fasl\u0131 golc\u00fc, kar\u015f\u0131la\u015fman\u0131n 23. dakikas\u0131nda sol kanattan \u0130rfan Can Kahveci&#8217;nin a\u00e7t\u0131\u011f\u0131 ortay\u0131 vole ile rakip filelere g\u00f6nderdi. Bu d\u00f6nem 38. resmi ma\u00e7\u0131nda toplam 25 gole ula\u015fan 27 ya\u015f\u0131ndaki forvet, \u00fclkesi ba\u015fta olmak \u00fczere d\u00fcnya bas\u0131n\u0131nda g\u00fcndem oldu.<\/p>\n<p> Anbaetv (Fas), &#8220;En-Nesyri, sihirli bir makas vuru\u015fuyla parlamaya devam etti&#8221; s\u00f6zlerini kullanarak oyuncunun gol\u00fcn\u00fc anlatt\u0131.<\/p>\n<p> <strong>TAKIMINI ZAFERE TA\u015eIDI<\/strong><\/p>\n<p> Y\u0131ld\u0131z santrfor ile ilgili kullan\u0131lan s\u00f6zler \u015fu formda;<\/p>\n<p> <strong>Lesiteinfo (Fas):<\/strong> &#8220;Youssef En-Nesyri&#8230; Hi\u00e7 durmayan bir gol makinesi. Y\u0131ld\u0131z futbolcu, bu t\u00fcrl\u00fc devam ederse mesle\u011finin en d\u00fczg\u00fcn d\u00f6nemini Fenerbah\u00e7e&#8217;de ge\u00e7irebilir. Ge\u00e7ti\u011fimiz yaz Sevilla&#8217;dan T\u00fcrk grubuna transfer olan Nesyri, g\u00fc\u00e7l\u00fc ba\u015flang\u0131ca kar\u015f\u0131n ritmini uygunca art\u0131rd\u0131.&#8221;<\/p>\n<p> <strong>Voetbalcentraal (Hollanda):<\/strong> &#8220;Fenerbah\u00e7e&#8217;nin forveti En-Nesyri, s\u00fcper vuru\u015fuyla Puskas \u00d6d\u00fcl\u00fc&#8217;ne aday oldu. Ba\u015far\u0131l\u0131 golc\u00fc, Puskas i\u00e7in adaylar\u0131 belirleyen se\u00e7ici heyetin dikkatini \u00e7ekti.&#8221; \u27a4Voetbalzone (Hollanda): &#8220;En-Nesyri, kupa ma\u00e7\u0131nda m\u00fckemmel bir gol att\u0131.&#8221;<\/p>\n<p> <strong>KUPADA M\u00dcKEMMEL B\u0130R GOL ATTI<\/strong><\/p>\n<p> <strong>Record (Portekiz):<\/strong> &#8220;Fenerbah\u00e7e \u00e7eyrek finale y\u00fckseldi. En-Nesyri, gol\u00fcyle dikkat \u00e7ekti.&#8221; \u27a424saa (Fas): &#8220;En-Nesyri, grubunu zafere ta\u015f\u0131yarak T\u00fcrkiye Kupas\u0131&#8217;nda parlad\u0131.&#8221;<\/p>\n<p> <strong>Vamosmisevillafc (\u0130spanya):<\/strong> &#8220;En-Nesyri&#8217;den T\u00fcrkiye Kupas\u0131&#8217;nda m\u00fckemmel gol. T\u00fcrkiye&#8217;de utanga\u00e7 bir ba\u015flang\u0131\u00e7 yapt\u0131ktan sonra 2025&#8217;te durdurulamaz bir \u00e7\u0131k\u0131\u015f yakalayan oyuncu, Sevilla&#8217;daki en uygun derecesini yakalamay\u0131 ba\u015fard\u0131. T\u00fcrk tak\u0131m\u0131n\u0131n forveti, 14 ma\u00e7 eksikle, 2020-21 d\u00f6neminde Sevilla formas\u0131yla att\u0131\u011f\u0131 25 gol\u00fc tutturdu.&#8221; D\u00f6nem ba\u015f\u0131nda 19.50 milyon euro bedelle al\u0131nan En-Nesyri&#8217;nin kontrat\u0131 2029 y\u0131l\u0131nda bitecek.<\/p>\n<\/div>\n","protected":false},"excerpt":{"rendered":"<p>Fasl\u0131 golc\u00fc Youssef En-Nesyri, att\u0131\u011f\u0131 etkileyici golle d\u00fcnya bas\u0131n\u0131nda geni\u015f yank\u0131 uyand\u0131rd\u0131. Fas medyas\u0131, onun \u00fcst\u00fcn performans\u0131n\u0131 &#8220;sihirli bir makas vuru\u015fuyla parlamaya devam ediyor&#8221; kelamlar\u0131yla \u00f6vd\u00fc.<\/p>\n","protected":false},"author":1,"featured_media":24236,"comment_status":"open","ping_status":"open","sticky":false,"template":"","format":"standard","meta":{"footnotes":""},"categories":[25],"tags":[135,77,120,50,89],"class_list":["post-24235","post","type-post","status-publish","format-standard","has-post-thumbnail","hentry","category-futbol","tag-en-nesyri","tag-gol","tag-kupa","tag-mac","tag-turk"],"_links":{"self":[{"href":"https:\/\/haberbesiktas.tr\/index.php?rest_route=\/wp\/v2\/posts\/24235","targetHints":{"allow":["GET"]}}],"collection":[{"href":"https:\/\/haberbesiktas.tr\/index.php?rest_route=\/wp\/v2\/posts"}],"about":[{"href":"https:\/\/haberbesiktas.tr\/index.php?rest_route=\/wp\/v2\/types\/post"}],"author":[{"embeddable":true,"href":"https:\/\/haberbesiktas.tr\/index.php?rest_route=\/wp\/v2\/users\/1"}],"replies":[{"embeddable":true,"href":"https:\/\/haberbesiktas.tr\/index.php?rest_route=%2Fwp%2Fv2%2Fcomments&post=24235"}],"version-history":[{"count":1,"href":"https:\/\/haberbesiktas.tr\/index.php?rest_route=\/wp\/v2\/posts\/24235\/revisions"}],"predecessor-version":[{"id":24237,"href":"https:\/\/haberbesiktas.tr\/index.php?rest_route=\/wp\/v2\/posts\/24235\/revisions\/24237"}],"wp:featuredmedia":[{"embeddable":true,"href":"https:\/\/haberbesiktas.tr\/index.php?rest_route=\/wp\/v2\/media\/24236"}],"wp:attachment":[{"href":"https:\/\/haberbesiktas.tr\/index.php?rest_route=%2Fwp%2Fv2%2Fmedia&parent=24235"}],"wp:term":[{"taxonomy":"category","embeddable":true,"href":"https:\/\/haberbesiktas.tr\/index.php?rest_route=%2Fwp%2Fv2%2Fcategories&post=24235"},{"taxonomy":"post_tag","embeddable":true,"href":"https:\/\/haberbesiktas.tr\/index.php?rest_route=%2Fwp%2Fv2%2Ftags&post=24235"}],"curies":[{"name":"wp","href":"https:\/\/api.w.org\/{rel}","templated":true}]}}