{"id":24238,"date":"2025-04-27T08:00:06","date_gmt":"2025-04-27T08:00:06","guid":{"rendered":"https:\/\/haberbesiktas.tr\/?p=24238"},"modified":"2025-04-27T08:00:06","modified_gmt":"2025-04-27T08:00:06","slug":"buyuklere-ekonomiden-gecersiz-not","status":"publish","type":"post","link":"https:\/\/haberbesiktas.tr\/?p=24238","title":{"rendered":"B\u00fcy\u00fcklere ekonomiden ge\u00e7ersiz not"},"content":{"rendered":"<div>T\u00fcrk futbolunun \u00f6nc\u00fcs\u00fc olan b\u00fcy\u00fck kul\u00fcplerimiz, her ge\u00e7en d\u00f6nem transfer rekoru k\u0131rmaya devam ediyor.<\/p>\n<p> Yap\u0131lan yat\u0131r\u0131mlar\u0131n, alana yans\u0131mad\u0131\u011f\u0131n\u0131 ve saha d\u0131\u015f\u0131nda ya\u015fananlar\u0131n daha \u00f6n plana \u00e7\u0131kt\u0131\u011f\u0131n\u0131 her vakit konu\u015fuyoruz. Milletleraras\u0131 ba\u011f\u0131ms\u0131z s\u00fcrd\u00fcr\u00fclebilirlik denetleme firmas\u0131 olan Standard Ethics, bu tezleri belgeleyen bir rapor yay\u0131nlad\u0131.<\/p>\n<p> <span><strong>D\u00d6RT B\u00dcY\u00dc\u011eE DE &#8216;KIRIK&#8217; NOT&#8217;<\/strong><\/span><\/p>\n<p> T\u00fcrk gruplar\u0131n\u0131n da oldu\u011fu futbol kul\u00fcplerinin &#8216;s\u00fcrd\u00fcr\u00fclebilir&#8217; olmad\u0131\u011f\u0131n\u0131 belirtildi.<\/p>\n<p> \u015eirket, kul\u00fcplerin ilerlemesinin yava\u015f olmas\u0131 sebebiyle, bu sene sonu yapaca\u011f\u0131 de\u011ferlendirmeyi 2026 y\u0131l\u0131na erteledi\u011fini a\u00e7\u0131klad\u0131. Saha i\u00e7i, saha d\u0131\u015f\u0131 ve idare kriterleri baz al\u0131narak yap\u0131lan de\u011ferlendirmede kul\u00fcplerimizden Fenerbah\u00e7e ve Trabzonspor&#8217;a &#8220;S\u00fcrd\u00fcr\u00fclemez&#8221;; G.Saray ve Be\u015fikta\u015f&#8217;a ise &#8220;Tam s\u00fcrd\u00fcr\u00fclebilir de\u011fil&#8221; notu verildi.<\/p>\n<p> <span><strong>DE\u011eERLEND\u0130RME KR\u0130TERLER\u0130<\/strong><\/span><\/p>\n<p> Kul\u00fcb\u00fcn ald\u0131\u011f\u0131 cezalar, teknik y\u00f6neticilerin misyon m\u00fchletleri, \u015fiddet ve \u015fiddete te\u015fvik, fair-play ve d\u00fcr\u00fcstl\u00fck saha i\u00e7i kriterleri olarak al\u0131nd\u0131.<\/p>\n<p> Spor kabahatleri ve sportif sorumluluklar saha d\u0131\u015f\u0131 etkenler olarak incelenirken, y\u00f6netimsel kriterler olarak market dominasyonu, monopolle\u015fme, sendika muahedeleri ve z\u0131mn\u00ee hissedar denetimleri, m\u00fclkiyet, ba\u011f\u0131ms\u0131z \u00f6zerk idare ve \u015feffafl\u0131k de\u011ferlendirildi.<\/p>\n<\/div>\n","protected":false},"excerpt":{"rendered":"<p>Avrupa&#8217;n\u0131n halka a\u00e7\u0131k 14 spor kul\u00fcb\u00fcne y\u00f6nelik ara\u015ft\u0131rmada Fenerbah\u00e7e ve Trabzonspor&#8217;a &#8220;S\u00fcrd\u00fcr\u00fclemez&#8221; raporu verildi. Galatasaray ve Be\u015fikta\u015f ise &#8220;Tam s\u00fcrd\u00fcr\u00fclebilir de\u011fil&#8221; notu ald\u0131.<\/p>\n","protected":false},"author":1,"featured_media":24239,"comment_status":"open","ping_status":"open","sticky":false,"template":"","format":"standard","meta":{"footnotes":""},"categories":[25],"tags":[297],"class_list":["post-24238","post","type-post","status-publish","format-standard","has-post-thumbnail","hentry","category-futbol","tag-saha"],"_links":{"self":[{"href":"https:\/\/haberbesiktas.tr\/index.php?rest_route=\/wp\/v2\/posts\/24238","targetHints":{"allow":["GET"]}}],"collection":[{"href":"https:\/\/haberbesiktas.tr\/index.php?rest_route=\/wp\/v2\/posts"}],"about":[{"href":"https:\/\/haberbesiktas.tr\/index.php?rest_route=\/wp\/v2\/types\/post"}],"author":[{"embeddable":true,"href":"https:\/\/haberbesiktas.tr\/index.php?rest_route=\/wp\/v2\/users\/1"}],"replies":[{"embeddable":true,"href":"https:\/\/haberbesiktas.tr\/index.php?rest_route=%2Fwp%2Fv2%2Fcomments&post=24238"}],"version-history":[{"count":1,"href":"https:\/\/haberbesiktas.tr\/index.php?rest_route=\/wp\/v2\/posts\/24238\/revisions"}],"predecessor-version":[{"id":24240,"href":"https:\/\/haberbesiktas.tr\/index.php?rest_route=\/wp\/v2\/posts\/24238\/revisions\/24240"}],"wp:featuredmedia":[{"embeddable":true,"href":"https:\/\/haberbesiktas.tr\/index.php?rest_route=\/wp\/v2\/media\/24239"}],"wp:attachment":[{"href":"https:\/\/haberbesiktas.tr\/index.php?rest_route=%2Fwp%2Fv2%2Fmedia&parent=24238"}],"wp:term":[{"taxonomy":"category","embeddable":true,"href":"https:\/\/haberbesiktas.tr\/index.php?rest_route=%2Fwp%2Fv2%2Fcategories&post=24238"},{"taxonomy":"post_tag","embeddable":true,"href":"https:\/\/haberbesiktas.tr\/index.php?rest_route=%2Fwp%2Fv2%2Ftags&post=24238"}],"curies":[{"name":"wp","href":"https:\/\/api.w.org\/{rel}","templated":true}]}}