{"id":24456,"date":"2025-04-27T22:12:06","date_gmt":"2025-04-27T22:12:06","guid":{"rendered":"https:\/\/haberbesiktas.tr\/?p=24456"},"modified":"2025-04-27T22:12:06","modified_gmt":"2025-04-27T22:12:06","slug":"girona-celta-vigo-ile-yenisemedi","status":"publish","type":"post","link":"https:\/\/haberbesiktas.tr\/?p=24456","title":{"rendered":"Girona, Celta Vigo ile yeni\u015femedi"},"content":{"rendered":"<div>\u0130spanya La Liga&#8217;n\u0131n 26. haftas\u0131nda Girona, Celta Vigo&#8217;yu a\u011f\u0131rlad\u0131. Municipal de Montilivi Stadyumu&#8217;ndaki \u00e7aba 2-2 beraberlikle sonu\u00e7land\u0131.<\/p>\n<p>Girona&#8217;n\u0131n gollerini 21. dakikada\u00a0<span><strong>Viktor Tsygankov<\/strong> ve 68. dakikada\u00a0<span><strong>Yangel Herrera<\/strong> kaydetti. <\/p>\n<p>Celta Vigo&#8217;nun gollerini ise dakika 36&#8217;da <strong>Iker Losada<\/strong> ile 51. dakikada penalt\u0131dan <strong>Marcos Alonso<\/strong> att\u0131.<\/span><\/span><\/p>\n<p>Girona, bu sonucun akabinde puan\u0131n\u0131 32&#8217;ye y\u00fckseltti. Celta Vigo ise puan\u0131n\u0131 33 yapt\u0131.<\/p>\n<p>\u0130spanya La Liga&#8217;n\u0131n gelecek haftas\u0131nda Girona, Espanyol deplasman\u0131na gidecek. Celta Vigo, Leganes&#8217;i konuk edecek.<\/p><\/div>\n","protected":false},"excerpt":{"rendered":"<p>\u0130spanya La Liga&#8217;n\u0131n 26. haftas\u0131nda Girona, alan\u0131nda Celta Vigo ile 2-2 berabere kald\u0131.<\/p>\n","protected":false},"author":1,"featured_media":24457,"comment_status":"open","ping_status":"open","sticky":false,"template":"","format":"standard","meta":{"footnotes":""},"categories":[25],"tags":[],"class_list":["post-24456","post","type-post","status-publish","format-standard","has-post-thumbnail","hentry","category-futbol"],"_links":{"self":[{"href":"https:\/\/haberbesiktas.tr\/index.php?rest_route=\/wp\/v2\/posts\/24456","targetHints":{"allow":["GET"]}}],"collection":[{"href":"https:\/\/haberbesiktas.tr\/index.php?rest_route=\/wp\/v2\/posts"}],"about":[{"href":"https:\/\/haberbesiktas.tr\/index.php?rest_route=\/wp\/v2\/types\/post"}],"author":[{"embeddable":true,"href":"https:\/\/haberbesiktas.tr\/index.php?rest_route=\/wp\/v2\/users\/1"}],"replies":[{"embeddable":true,"href":"https:\/\/haberbesiktas.tr\/index.php?rest_route=%2Fwp%2Fv2%2Fcomments&post=24456"}],"version-history":[{"count":1,"href":"https:\/\/haberbesiktas.tr\/index.php?rest_route=\/wp\/v2\/posts\/24456\/revisions"}],"predecessor-version":[{"id":24458,"href":"https:\/\/haberbesiktas.tr\/index.php?rest_route=\/wp\/v2\/posts\/24456\/revisions\/24458"}],"wp:featuredmedia":[{"embeddable":true,"href":"https:\/\/haberbesiktas.tr\/index.php?rest_route=\/wp\/v2\/media\/24457"}],"wp:attachment":[{"href":"https:\/\/haberbesiktas.tr\/index.php?rest_route=%2Fwp%2Fv2%2Fmedia&parent=24456"}],"wp:term":[{"taxonomy":"category","embeddable":true,"href":"https:\/\/haberbesiktas.tr\/index.php?rest_route=%2Fwp%2Fv2%2Fcategories&post=24456"},{"taxonomy":"post_tag","embeddable":true,"href":"https:\/\/haberbesiktas.tr\/index.php?rest_route=%2Fwp%2Fv2%2Ftags&post=24456"}],"curies":[{"name":"wp","href":"https:\/\/api.w.org\/{rel}","templated":true}]}}