{"id":24501,"date":"2025-04-28T00:36:05","date_gmt":"2025-04-28T00:36:05","guid":{"rendered":"https:\/\/haberbesiktas.tr\/?p=24501"},"modified":"2025-04-28T00:36:05","modified_gmt":"2025-04-28T00:36:05","slug":"wolfsburg-werder-bremeni-patrick-wimmerle-yikti","status":"publish","type":"post","link":"https:\/\/haberbesiktas.tr\/?p=24501","title":{"rendered":"Wolfsburg, Werder Bremen&#8217;i Patrick Wimmer&#8217;le y\u0131kt\u0131"},"content":{"rendered":"<div><span>Almanya Bundesliga&#8217;n\u0131n 24. haftas\u0131nda Wolfsburg, deplasmanda Werder Bremen ile kar\u015f\u0131la\u015ft\u0131.\u00a0<\/p>\n<p>Weser Stadyumu&#8217;nda oynanan \u00e7abay\u0131 deplasman tak\u0131m\u0131 2-0 kazand\u0131.<\/p>\n<p>Wolfsburg&#8217;a galibiyeti getiren golleri 6 ve 48. dakikalarda\u00a0<span><strong>Patrick Wimmer<\/strong>\u00a0kaydetti. Werder Bremen&#8217;in tek gol\u00fc ise\u00a090. dakikada<strong> Mitchell Weiser<\/strong>&#8216;den geldi.\u00a0<\/p>\n<p>Bu sonu\u00e7la birlikte yenilmezlik serisi 6 ma\u00e7a \u00e7\u0131kan Wolsfburg, 37 puana ula\u015farak 7. s\u0131raya yerle\u015fti. \u00dcst \u00fcste 4. ma\u011flubiyetini alan ve 30 puanda kalan Werder Bremen ise 12. s\u0131rada konumland\u0131.\u00a0<\/p>\n<p>Bundesliga&#8217;da bir sonraki hafta Werder Bremen, Bayer Leverkusen&#8217;e konuk olacak. Wolfsburg ise St. Pauli&#8217;yi a\u011f\u0131rlayacak.<\/p>\n<p><\/span><\/span><\/div>\n","protected":false},"excerpt":{"rendered":"<p>Almanya Bundesliga&#8217;n\u0131n 24. haftas\u0131nda Wolfsburg, deplasmanda Werder Bremen&#8217;i 2-1 ma\u011flup etti.<\/p>\n","protected":false},"author":1,"featured_media":24502,"comment_status":"open","ping_status":"open","sticky":false,"template":"","format":"standard","meta":{"footnotes":""},"categories":[25],"tags":[],"class_list":["post-24501","post","type-post","status-publish","format-standard","has-post-thumbnail","hentry","category-futbol"],"_links":{"self":[{"href":"https:\/\/haberbesiktas.tr\/index.php?rest_route=\/wp\/v2\/posts\/24501","targetHints":{"allow":["GET"]}}],"collection":[{"href":"https:\/\/haberbesiktas.tr\/index.php?rest_route=\/wp\/v2\/posts"}],"about":[{"href":"https:\/\/haberbesiktas.tr\/index.php?rest_route=\/wp\/v2\/types\/post"}],"author":[{"embeddable":true,"href":"https:\/\/haberbesiktas.tr\/index.php?rest_route=\/wp\/v2\/users\/1"}],"replies":[{"embeddable":true,"href":"https:\/\/haberbesiktas.tr\/index.php?rest_route=%2Fwp%2Fv2%2Fcomments&post=24501"}],"version-history":[{"count":1,"href":"https:\/\/haberbesiktas.tr\/index.php?rest_route=\/wp\/v2\/posts\/24501\/revisions"}],"predecessor-version":[{"id":24503,"href":"https:\/\/haberbesiktas.tr\/index.php?rest_route=\/wp\/v2\/posts\/24501\/revisions\/24503"}],"wp:featuredmedia":[{"embeddable":true,"href":"https:\/\/haberbesiktas.tr\/index.php?rest_route=\/wp\/v2\/media\/24502"}],"wp:attachment":[{"href":"https:\/\/haberbesiktas.tr\/index.php?rest_route=%2Fwp%2Fv2%2Fmedia&parent=24501"}],"wp:term":[{"taxonomy":"category","embeddable":true,"href":"https:\/\/haberbesiktas.tr\/index.php?rest_route=%2Fwp%2Fv2%2Fcategories&post=24501"},{"taxonomy":"post_tag","embeddable":true,"href":"https:\/\/haberbesiktas.tr\/index.php?rest_route=%2Fwp%2Fv2%2Ftags&post=24501"}],"curies":[{"name":"wp","href":"https:\/\/api.w.org\/{rel}","templated":true}]}}