{"id":24507,"date":"2025-04-28T01:00:05","date_gmt":"2025-04-28T01:00:05","guid":{"rendered":"https:\/\/haberbesiktas.tr\/?p=24507"},"modified":"2025-04-28T01:00:05","modified_gmt":"2025-04-28T01:00:05","slug":"solskjaer-hastaligi-nedeniyle-kadro-disi","status":"publish","type":"post","link":"https:\/\/haberbesiktas.tr\/?p=24507","title":{"rendered":"Solskjaer: &#8220;Hastal\u0131\u011f\u0131 nedeniyle kadro d\u0131\u015f\u0131&#8221;"},"content":{"rendered":"<div>Be\u015fikta\u015f Teknik Y\u00f6neticisi Ole Gunnar Solskjaer, Kayserispor m\u00fcsabakas\u0131 \u00f6ncesi a\u00e7\u0131klamalar yapt\u0131.\u00a0<\/p>\n<p><span>M\u00fccadele \u00f6ncesi konu\u015fan Solskjaer, <strong>&#8220;\u00d6zel bir haffta sonu. Ramazan ay\u0131 m\u00fcbarek olsun, 3 Mart kul\u00fcb\u00fcm\u00fcz\u00fcn do\u011fum g\u00fcn\u00fc. Taraftar\u0131m\u0131za do\u011fum g\u00fcn\u00fcm\u00fcz kutlu olsun demek istiyoruz.&#8221;<\/strong> dedi.\u00a0<\/p>\n<p><span>Rakibi Kayserispor ile ilgili de konu\u015fan tecr\u00fcbeli hoca <strong>&#8220;Daha yeni ba\u015flad\u0131k! Umar\u0131m m\u00fcspet s\u00fcre\u00e7 devam eder. Bug\u00fcn de oyuncular\u0131m\u0131z i\u00e7in bir test, meydan okuma olacak zira rakibimiz yeni hocas\u0131yla \u00e7\u0131k\u0131\u015fa ge\u00e7en uygun bir kadro.&#8221;<\/strong> s\u00f6zlerini kulland\u0131.\u00a0<\/p>\n<p><strong>&#8220;BU NEDENLE TAKIM DI\u015eI&#8221;<\/strong><\/p>\n<p><\/span><\/span>Be\u015fikta\u015f&#8217;\u0131n yeni transferi Elan Ricardo ile ilgili de a\u00e7\u0131klama yapan Ole,\u00a0<span><strong>&#8220;Elan \u00e7ok d\u00fczg\u00fcn antrenman yapt\u0131 lakin hastal\u0131\u011f\u0131 vard\u0131. Tam y\u00fczde y\u00fcz haz\u0131r de\u011fil bu y\u00fczden. T\u00fcm oyuncular\u0131m fit, yeterli \u00e7al\u0131\u015f\u0131yor. Elan da d\u00fczg\u00fcn \u00e7al\u0131\u015ft\u0131 lakin hastal\u0131\u011f\u0131 nedeniyle tak\u0131m d\u0131\u015f\u0131nda kald\u0131. Vakitle m\u00fcddet bulacak ve grubun i\u00e7erisine monte edilecek.&#8221;<\/strong> kelamlar\u0131n\u0131 sarf etti.<\/span><\/div>\n","protected":false},"excerpt":{"rendered":"<p>Be\u015fikta\u015f Teknik Y\u00f6neticisi Ole Gunnar Solskjaer, Kayserispor ma\u00e7\u0131 \u00f6ncesi a\u00e7\u0131klamalarda bulundu.<\/p>\n","protected":false},"author":1,"featured_media":24508,"comment_status":"open","ping_status":"open","sticky":false,"template":"","format":"standard","meta":{"footnotes":""},"categories":[25],"tags":[],"class_list":["post-24507","post","type-post","status-publish","format-standard","has-post-thumbnail","hentry","category-futbol"],"_links":{"self":[{"href":"https:\/\/haberbesiktas.tr\/index.php?rest_route=\/wp\/v2\/posts\/24507","targetHints":{"allow":["GET"]}}],"collection":[{"href":"https:\/\/haberbesiktas.tr\/index.php?rest_route=\/wp\/v2\/posts"}],"about":[{"href":"https:\/\/haberbesiktas.tr\/index.php?rest_route=\/wp\/v2\/types\/post"}],"author":[{"embeddable":true,"href":"https:\/\/haberbesiktas.tr\/index.php?rest_route=\/wp\/v2\/users\/1"}],"replies":[{"embeddable":true,"href":"https:\/\/haberbesiktas.tr\/index.php?rest_route=%2Fwp%2Fv2%2Fcomments&post=24507"}],"version-history":[{"count":1,"href":"https:\/\/haberbesiktas.tr\/index.php?rest_route=\/wp\/v2\/posts\/24507\/revisions"}],"predecessor-version":[{"id":24509,"href":"https:\/\/haberbesiktas.tr\/index.php?rest_route=\/wp\/v2\/posts\/24507\/revisions\/24509"}],"wp:featuredmedia":[{"embeddable":true,"href":"https:\/\/haberbesiktas.tr\/index.php?rest_route=\/wp\/v2\/media\/24508"}],"wp:attachment":[{"href":"https:\/\/haberbesiktas.tr\/index.php?rest_route=%2Fwp%2Fv2%2Fmedia&parent=24507"}],"wp:term":[{"taxonomy":"category","embeddable":true,"href":"https:\/\/haberbesiktas.tr\/index.php?rest_route=%2Fwp%2Fv2%2Fcategories&post=24507"},{"taxonomy":"post_tag","embeddable":true,"href":"https:\/\/haberbesiktas.tr\/index.php?rest_route=%2Fwp%2Fv2%2Ftags&post=24507"}],"curies":[{"name":"wp","href":"https:\/\/api.w.org\/{rel}","templated":true}]}}