{"id":24510,"date":"2025-04-28T01:12:05","date_gmt":"2025-04-28T01:12:05","guid":{"rendered":"https:\/\/haberbesiktas.tr\/?p=24510"},"modified":"2025-04-28T01:12:05","modified_gmt":"2025-04-28T01:12:05","slug":"rayo-vallecano-sevillaya-ikinci-yari-puan-kaptirdi","status":"publish","type":"post","link":"https:\/\/haberbesiktas.tr\/?p=24510","title":{"rendered":"Rayo Vallecano, Sevilla&#8217;ya ikinci yar\u0131 puan kapt\u0131rd\u0131"},"content":{"rendered":"<div>\u0130spanya La Liga&#8217;n\u0131n 26. hafta ma\u00e7\u0131nda Rayo Vallecano, Sevilla&#8217;y\u0131 konuk etti.<\/p>\n<p>Vallecas Stadyumu&#8217;ndaki u\u011fra\u015f 1-1 beraberlikle sonu\u00e7land\u0131.<\/p>\n<p>Rayo Vallecano&#8217;nun gol\u00fcn\u00fc dakika 55&#8217;te <strong>Andrei Ratiu<\/strong> kaydetti. Sevilla&#8217;ya beraberli\u011fi getiren gol\u00fc ise 81&#8217;de <strong>Dodi Lukebakio<\/strong> att\u0131.<\/p>\n<p>Bu sonucun akabinde Rayo Vallecano, puan\u0131n\u0131 36&#8217;ya y\u00fckseltti. Sevilla, puan\u0131n\u0131 33 yapt\u0131.<\/p>\n<p>\u0130spanya La Liga&#8217;n\u0131n gelecek haftas\u0131nda Rayo Vallecano, Real Madrid deplasman\u0131na gidecek. Sevilla, Real Sociedad&#8217;a konuk olacak.<\/p><\/div>\n","protected":false},"excerpt":{"rendered":"<p>\u0130spanya La Liga&#8217;n\u0131n 26. hafta ma\u00e7\u0131nda Rayo Vallecano, alan\u0131nda Sevilla ile 1-1 berabere kald\u0131.<\/p>\n","protected":false},"author":1,"featured_media":24511,"comment_status":"open","ping_status":"open","sticky":false,"template":"","format":"standard","meta":{"footnotes":""},"categories":[25],"tags":[],"class_list":["post-24510","post","type-post","status-publish","format-standard","has-post-thumbnail","hentry","category-futbol"],"_links":{"self":[{"href":"https:\/\/haberbesiktas.tr\/index.php?rest_route=\/wp\/v2\/posts\/24510","targetHints":{"allow":["GET"]}}],"collection":[{"href":"https:\/\/haberbesiktas.tr\/index.php?rest_route=\/wp\/v2\/posts"}],"about":[{"href":"https:\/\/haberbesiktas.tr\/index.php?rest_route=\/wp\/v2\/types\/post"}],"author":[{"embeddable":true,"href":"https:\/\/haberbesiktas.tr\/index.php?rest_route=\/wp\/v2\/users\/1"}],"replies":[{"embeddable":true,"href":"https:\/\/haberbesiktas.tr\/index.php?rest_route=%2Fwp%2Fv2%2Fcomments&post=24510"}],"version-history":[{"count":1,"href":"https:\/\/haberbesiktas.tr\/index.php?rest_route=\/wp\/v2\/posts\/24510\/revisions"}],"predecessor-version":[{"id":24512,"href":"https:\/\/haberbesiktas.tr\/index.php?rest_route=\/wp\/v2\/posts\/24510\/revisions\/24512"}],"wp:featuredmedia":[{"embeddable":true,"href":"https:\/\/haberbesiktas.tr\/index.php?rest_route=\/wp\/v2\/media\/24511"}],"wp:attachment":[{"href":"https:\/\/haberbesiktas.tr\/index.php?rest_route=%2Fwp%2Fv2%2Fmedia&parent=24510"}],"wp:term":[{"taxonomy":"category","embeddable":true,"href":"https:\/\/haberbesiktas.tr\/index.php?rest_route=%2Fwp%2Fv2%2Fcategories&post=24510"},{"taxonomy":"post_tag","embeddable":true,"href":"https:\/\/haberbesiktas.tr\/index.php?rest_route=%2Fwp%2Fv2%2Ftags&post=24510"}],"curies":[{"name":"wp","href":"https:\/\/api.w.org\/{rel}","templated":true}]}}