{"id":24513,"date":"2025-04-28T01:24:10","date_gmt":"2025-04-28T01:24:10","guid":{"rendered":"https:\/\/haberbesiktas.tr\/?p=24513"},"modified":"2025-04-28T01:24:10","modified_gmt":"2025-04-28T01:24:10","slug":"besiktas-kayserispor-macinda-bir-ilk","status":"publish","type":"post","link":"https:\/\/haberbesiktas.tr\/?p=24513","title":{"rendered":"Be\u015fikta\u015f &#8211; Kayserispor ma\u00e7\u0131nda bir ilk!"},"content":{"rendered":"<p>Harika Lig&#8217;deki Be\u015fikta\u015f &#8211; Kayserispor gayreti bir prensip sahne oldu.<\/p>\n<p> T\u00fcrkiye&#8217;de birinci sefer futbolcular, ma\u00e7ta beden kameras\u0131 takt\u0131.<\/p>\n<p> Be\u015fikta\u015f &#8211; Kayserispor ma\u00e7\u0131nda beden kameralar\u0131n\u0131 Semih K\u0131l\u0131\u00e7soy ve Batuhan \u00d6zgan takt\u0131.<\/p>\n<p><strong>\u0130\u015fte beden kameras\u0131ndan T\u00fcpra\u015f Stadyumu:<\/p>\n<p><\/strong><\/p>\n<p>https:\/\/twitter.com\/sporxtv\/status\/1895885075314782358<\/p>\n","protected":false},"excerpt":{"rendered":"<p>Be\u015fikta\u015f &#8211; Kayserispor ma\u00e7\u0131nda birinci kere beden kameras\u0131 denendi. Be\u015fikta\u015f&#8217;ta Semih K\u0131l\u0131\u00e7soy, Kayserispor&#8217;da ise Batuhan \u00d6zgan beden kameras\u0131 takt\u0131.<\/p>\n","protected":false},"author":1,"featured_media":24515,"comment_status":"open","ping_status":"open","sticky":false,"template":"","format":"standard","meta":{"footnotes":""},"categories":[25],"tags":[],"class_list":["post-24513","post","type-post","status-publish","format-standard","has-post-thumbnail","hentry","category-futbol"],"_links":{"self":[{"href":"https:\/\/haberbesiktas.tr\/index.php?rest_route=\/wp\/v2\/posts\/24513","targetHints":{"allow":["GET"]}}],"collection":[{"href":"https:\/\/haberbesiktas.tr\/index.php?rest_route=\/wp\/v2\/posts"}],"about":[{"href":"https:\/\/haberbesiktas.tr\/index.php?rest_route=\/wp\/v2\/types\/post"}],"author":[{"embeddable":true,"href":"https:\/\/haberbesiktas.tr\/index.php?rest_route=\/wp\/v2\/users\/1"}],"replies":[{"embeddable":true,"href":"https:\/\/haberbesiktas.tr\/index.php?rest_route=%2Fwp%2Fv2%2Fcomments&post=24513"}],"version-history":[{"count":1,"href":"https:\/\/haberbesiktas.tr\/index.php?rest_route=\/wp\/v2\/posts\/24513\/revisions"}],"predecessor-version":[{"id":24516,"href":"https:\/\/haberbesiktas.tr\/index.php?rest_route=\/wp\/v2\/posts\/24513\/revisions\/24516"}],"wp:featuredmedia":[{"embeddable":true,"href":"https:\/\/haberbesiktas.tr\/index.php?rest_route=\/wp\/v2\/media\/24515"}],"wp:attachment":[{"href":"https:\/\/haberbesiktas.tr\/index.php?rest_route=%2Fwp%2Fv2%2Fmedia&parent=24513"}],"wp:term":[{"taxonomy":"category","embeddable":true,"href":"https:\/\/haberbesiktas.tr\/index.php?rest_route=%2Fwp%2Fv2%2Fcategories&post=24513"},{"taxonomy":"post_tag","embeddable":true,"href":"https:\/\/haberbesiktas.tr\/index.php?rest_route=%2Fwp%2Fv2%2Ftags&post=24513"}],"curies":[{"name":"wp","href":"https:\/\/api.w.org\/{rel}","templated":true}]}}