{"id":24520,"date":"2025-04-28T01:48:05","date_gmt":"2025-04-28T01:48:05","guid":{"rendered":"https:\/\/haberbesiktas.tr\/?p=24520"},"modified":"2025-04-28T01:48:05","modified_gmt":"2025-04-28T01:48:05","slug":"solskjaerden-dort-degisiklik","status":"publish","type":"post","link":"https:\/\/haberbesiktas.tr\/?p=24520","title":{"rendered":"Solskjaer&#8217;den d\u00f6rt de\u011fi\u015fiklik!"},"content":{"rendered":"<div>Trendyol \u00dcst\u00fcn Lig&#8217;in 26. haftas\u0131nda Bellona Kayserispor&#8217;u konuk eden Be\u015fikta\u015f&#8217;ta teknik y\u00f6netici Ole Gunnar Solskjaer, son oynanan ma\u00e7a nazaran birinci 11&#8217;de d\u00f6rt de\u011fi\u015fikli\u011fe gitti.<\/p>\n<p> Siyah-beyazl\u0131 futbol ekibi, T\u00fcpra\u015f Stad\u0131&#8217;ndaki \u00e7abaya Mert G\u00fcnok, Jonas Svensson, Felix Uduokhai, Emirhan Top\u00e7u, Arthur Masuaku, Gedson Fernandes, Alex Oxlade-Chamberlain, Milot Rashica, Rafa Silva, Joao Mario ve Ciro Immobile birinci 11&#8217;iyle ba\u015flad\u0131.<\/p>\n<p> Ersin Destano\u011flu, Onur Bulut, Tayyip Talha Sanu\u00e7, Amir Hadziahmetovic, Salih U\u00e7an, Semih K\u0131l\u0131\u00e7soy, Keny Arroyo, Yakup Arda K\u0131l\u0131\u00e7, Ernest Mu\u00e7i ve Mustafa Hekimo\u011flu ise yedek kul\u00fcbesinde yer ald\u0131.<\/p>\n<p> Teknik y\u00f6netici Ole Gunnar Solskjaer, Ziraat T\u00fcrkiye Kupas\u0131 D K\u00fcmesi \u00fc\u00e7\u00fcnc\u00fc ma\u00e7\u0131nda Onvo Antalyaspor&#8217;u deplasmanda 2-1 yendikleri m\u00fcsabakan\u0131n ba\u015flang\u0131\u00e7 tak\u0131m\u0131na nazaran d\u00f6rt de\u011fi\u015fiklik yapt\u0131.<\/p>\n<p> Norve\u00e7li teknik adam, kupa ma\u00e7\u0131nda forma baht\u0131 verdi\u011fi Ersin Destano\u011flu, Amir Hadziahmetovic, Keny Arroyo ve Semih K\u0131l\u0131\u00e7soy&#8217;un yerine Mert G\u00fcnok, Alex Oxlade-Chamberlain, Milot Rashica ve Ciro Immobile&#8217;yi birinci 11&#8217;de g\u00f6revlendirdi.<\/p>\n<\/div>\n","protected":false},"excerpt":{"rendered":"<p>Be\u015fikta\u015f Teknik Y\u00f6neticisi Ole Gunnar Solskjaer, Antalyaspor ma\u00e7\u0131na nazaran Kayserispor kar\u015f\u0131s\u0131nda tak\u0131mda d\u00f6rt de\u011fi\u015fiklik yapt\u0131.<\/p>\n","protected":false},"author":1,"featured_media":24521,"comment_status":"open","ping_status":"open","sticky":false,"template":"","format":"standard","meta":{"footnotes":""},"categories":[25],"tags":[],"class_list":["post-24520","post","type-post","status-publish","format-standard","has-post-thumbnail","hentry","category-futbol"],"_links":{"self":[{"href":"https:\/\/haberbesiktas.tr\/index.php?rest_route=\/wp\/v2\/posts\/24520","targetHints":{"allow":["GET"]}}],"collection":[{"href":"https:\/\/haberbesiktas.tr\/index.php?rest_route=\/wp\/v2\/posts"}],"about":[{"href":"https:\/\/haberbesiktas.tr\/index.php?rest_route=\/wp\/v2\/types\/post"}],"author":[{"embeddable":true,"href":"https:\/\/haberbesiktas.tr\/index.php?rest_route=\/wp\/v2\/users\/1"}],"replies":[{"embeddable":true,"href":"https:\/\/haberbesiktas.tr\/index.php?rest_route=%2Fwp%2Fv2%2Fcomments&post=24520"}],"version-history":[{"count":1,"href":"https:\/\/haberbesiktas.tr\/index.php?rest_route=\/wp\/v2\/posts\/24520\/revisions"}],"predecessor-version":[{"id":24522,"href":"https:\/\/haberbesiktas.tr\/index.php?rest_route=\/wp\/v2\/posts\/24520\/revisions\/24522"}],"wp:featuredmedia":[{"embeddable":true,"href":"https:\/\/haberbesiktas.tr\/index.php?rest_route=\/wp\/v2\/media\/24521"}],"wp:attachment":[{"href":"https:\/\/haberbesiktas.tr\/index.php?rest_route=%2Fwp%2Fv2%2Fmedia&parent=24520"}],"wp:term":[{"taxonomy":"category","embeddable":true,"href":"https:\/\/haberbesiktas.tr\/index.php?rest_route=%2Fwp%2Fv2%2Fcategories&post=24520"},{"taxonomy":"post_tag","embeddable":true,"href":"https:\/\/haberbesiktas.tr\/index.php?rest_route=%2Fwp%2Fv2%2Ftags&post=24520"}],"curies":[{"name":"wp","href":"https:\/\/api.w.org\/{rel}","templated":true}]}}