{"id":24523,"date":"2025-04-28T02:00:09","date_gmt":"2025-04-28T02:00:09","guid":{"rendered":"https:\/\/haberbesiktas.tr\/?p=24523"},"modified":"2025-04-28T02:00:09","modified_gmt":"2025-04-28T02:00:09","slug":"fa-cupta-wolverhampton-penaltilarda-elendi","status":"publish","type":"post","link":"https:\/\/haberbesiktas.tr\/?p=24523","title":{"rendered":"FA Cup&#8217;ta Wolverhampton, penalt\u0131larda elendi"},"content":{"rendered":"<div>\u0130ngiltere FA Cup 5. t\u0131p ma\u00e7\u0131nda Vitor Pereira idaresindeki Wolverhampton, deplasmanda Bournemouth ile kar\u015f\u0131la\u015ft\u0131.\u00a0<\/p>\n<p>Vitality Stadyumu&#8217;nda oynanan u\u011fra\u015f\u0131n 90 dakikas\u0131 1-1 beraberlikle sonu\u00e7land\u0131.\u00a0<\/p>\n<p>Kar\u015f\u0131la\u015fmada birinci gol 30. dakikada\u00a0<span><span><strong>Evanilson<\/strong>&#8216;dan geldi ve Bournemouth 1-0 \u00f6ne ge\u00e7ti. Wolverhampton&#8217;a beraberli\u011fi getiren gol\u00fc ise 60.dakikada\u00a0<span><strong>Matheus Cunha<\/strong> kaydetti. Cunha&#8217;n\u0131n uzaktan att\u0131\u011f\u0131 gol dikkat \u00e7ekti.\u00a0<\/span><\/span><\/span> <\/p>\n<blockquote class=\"twitter-tweet\" data-width=\"500\" data-dnt=\"true\">\n<p lang=\"pt\" dir=\"ltr\">\ud83d\ude80\u26bd\ufe0fCunha <a href=\"https:\/\/t.co\/ke2hJ5hTP4\" rel=\"nofollow\">pic.twitter.com\/ke2hJ5hTP4<\/a><\/p>\n<p>&mdash; Sporxtv (@sporxtv) <a href=\"https:\/\/twitter.com\/sporxtv\/status\/1895877084289061124?ref_src=twsrc%5Etfw\" rel=\"nofollow noopener\" target=\"_blank\">March 1, 2025<\/a><\/p><\/blockquote>\n<p><script async src=\"https:\/\/platform.twitter.com\/widgets.js\" charset=\"utf-8\"><\/script><\/p>\n<p> <span><span>90 dakikas\u0131 1-1 biten ma\u00e7\u0131n uzatma dakikalar\u0131nda gol sesi \u00e7\u0131kmad\u0131.\u00a0<\/p>\n<p>Dakikalar 120&#8217;yi g\u00f6sterirken, Wolverhampton&#8217;\u0131n \u015f\u0131k gol\u00fcn\u00fc atan <strong>Matheus Cunha<\/strong>, k\u0131rm\u0131z\u0131 kartla oyun d\u0131\u015f\u0131nda kald\u0131.\u00a0<\/p>\n<p><strong>WOLVERHAMPTON, PENALTILARDA ELEND\u0130<\/strong><\/p>\n<p>Wolverhampton, seri penalt\u0131 at\u0131\u015flar\u0131nda rakibi Bournemouth&#8217;a 5-4 ma\u011flup oldu ve kupadan elendi.\u00a0 Bournemouth ise ismini bir \u00fcst cinse yazd\u0131ran ekip oldu.\u00a0<\/span><\/span><\/div>\n","protected":false},"excerpt":{"rendered":"<p>\u0130ngiltere FA Cup 5. t\u0131p ma\u00e7\u0131nda Vitor Pereira idaresindeki Wolverhampton, deplasmanda ola\u011fan m\u00fcddeti ve uzatma dakikalar\u0131 1-1 biten ma\u00e7ta, Bournemouth&#8217;a seri penalt\u0131 at\u0131\u015flar\u0131nda 5-4 yenildi kupadan elendi.<\/p>\n","protected":false},"author":1,"featured_media":24525,"comment_status":"open","ping_status":"open","sticky":false,"template":"","format":"standard","meta":{"footnotes":""},"categories":[25],"tags":[77],"class_list":["post-24523","post","type-post","status-publish","format-standard","has-post-thumbnail","hentry","category-futbol","tag-gol"],"_links":{"self":[{"href":"https:\/\/haberbesiktas.tr\/index.php?rest_route=\/wp\/v2\/posts\/24523","targetHints":{"allow":["GET"]}}],"collection":[{"href":"https:\/\/haberbesiktas.tr\/index.php?rest_route=\/wp\/v2\/posts"}],"about":[{"href":"https:\/\/haberbesiktas.tr\/index.php?rest_route=\/wp\/v2\/types\/post"}],"author":[{"embeddable":true,"href":"https:\/\/haberbesiktas.tr\/index.php?rest_route=\/wp\/v2\/users\/1"}],"replies":[{"embeddable":true,"href":"https:\/\/haberbesiktas.tr\/index.php?rest_route=%2Fwp%2Fv2%2Fcomments&post=24523"}],"version-history":[{"count":1,"href":"https:\/\/haberbesiktas.tr\/index.php?rest_route=\/wp\/v2\/posts\/24523\/revisions"}],"predecessor-version":[{"id":24526,"href":"https:\/\/haberbesiktas.tr\/index.php?rest_route=\/wp\/v2\/posts\/24523\/revisions\/24526"}],"wp:featuredmedia":[{"embeddable":true,"href":"https:\/\/haberbesiktas.tr\/index.php?rest_route=\/wp\/v2\/media\/24525"}],"wp:attachment":[{"href":"https:\/\/haberbesiktas.tr\/index.php?rest_route=%2Fwp%2Fv2%2Fmedia&parent=24523"}],"wp:term":[{"taxonomy":"category","embeddable":true,"href":"https:\/\/haberbesiktas.tr\/index.php?rest_route=%2Fwp%2Fv2%2Fcategories&post=24523"},{"taxonomy":"post_tag","embeddable":true,"href":"https:\/\/haberbesiktas.tr\/index.php?rest_route=%2Fwp%2Fv2%2Ftags&post=24523"}],"curies":[{"name":"wp","href":"https:\/\/api.w.org\/{rel}","templated":true}]}}