{"id":24530,"date":"2025-04-28T02:24:06","date_gmt":"2025-04-28T02:24:06","guid":{"rendered":"https:\/\/haberbesiktas.tr\/?p=24530"},"modified":"2025-04-28T02:24:06","modified_gmt":"2025-04-28T02:24:06","slug":"fenerbahceden-hakem-tepkisi","status":"publish","type":"post","link":"https:\/\/haberbesiktas.tr\/?p=24530","title":{"rendered":"Fenerbah\u00e7e&#8217;den hakem tepkisi!"},"content":{"rendered":"<div><span><span>Fenerbah\u00e7e Y\u00f6netim Kurulu \u00dcyesi Fethi Pekin, Sar\u0131-Lacivertli kul\u00fcb\u00fcn resmi sitesinde dikakt \u00e7eken bir a\u00e7\u0131klama yapt\u0131.<\/p>\n<p><\/span>\u0130\u015fte o a\u00e7\u0131klama:<\/p>\n<p>Ligimizde yak\u0131n periyotta &#8220;En b\u00fcy\u00fck Galatasaray&#8221; nicki ile hakem seminerine kat\u0131lm\u0131\u015f bir hakem,<\/span><br \/><span>S\u00fcper Ligin 26. haftas\u0131nda yar\u0131n Galatasaray ma\u00e7\u0131 y\u00f6netecek.<\/span><\/p>\n<p><span>Bu hakikaten hareketle kamuoyuna soruyoruz;<\/span><\/p>\n<p><span>T\u00fcrk futbol kamuoyunun, taraftarl\u0131k kimli\u011fini tesad\u00fcfen \u00f6\u011frendi\u011fi bu hakemin, yar\u0131nki ma\u00e7\u0131 tarafs\u0131z y\u00f6netmesi m\u00fcmk\u00fcn m\u00fc?<\/span><\/p>\n<p><span>Bu durum adil mi?<\/span><\/p>\n<p><span>D\u00fcnyan\u0131n rastgele bir liginde bu t\u00fcrl\u00fc bir durum kelam konusu mu?<\/span><\/p>\n<p><span>Ge\u00e7mi\u015fte formalar\u0131n\u0131 giymi\u015f Ryan Babel isimli futbolcunun, bug\u00fcn g\u00fcndemi sarsan &#8220;Hakemler bize yard\u0131mc\u0131 oluyor ve 3 puan\u0131 al\u0131yorduk.&#8221; itiraflar\u0131 kar\u015f\u0131s\u0131nda,<\/span><br \/><span>bu kul\u00fcb\u00fcn kelamda adalet bek\u00e7isi y\u00f6neticilerinin yorumu nedir?<\/span><\/p>\n<p><span>\u015eampiyonlar Ligi finali y\u00f6netmi\u015f, mesle\u011fi ile d\u00fcnyan\u0131n en se\u00e7kin hakemleri ortas\u0131nda yer alan bir hakemin dahi g\u00fcnlerce tart\u0131\u015f\u0131ld\u0131\u011f\u0131 bu ortamda, ger\u00e7eklerden yola \u00e7\u0131karak sordu\u011fumuz bu sorular\u0131 t\u00fcm kamuoyunun dikkatine sunuyorum.<\/span><\/div>\n","protected":false},"excerpt":{"rendered":"<p>Fenerbah\u00e7e Y\u00f6netim Kurulu \u00dcyesi Fethi Pekin, Sar\u0131-Lacivertli kul\u00fcb\u00fcn resmi sitesinde dikakt \u00e7eken bir a\u00e7\u0131klama yapt\u0131.<\/p>\n","protected":false},"author":1,"featured_media":24531,"comment_status":"open","ping_status":"open","sticky":false,"template":"","format":"standard","meta":{"footnotes":""},"categories":[25],"tags":[62],"class_list":["post-24530","post","type-post","status-publish","format-standard","has-post-thumbnail","hentry","category-futbol","tag-hakem"],"_links":{"self":[{"href":"https:\/\/haberbesiktas.tr\/index.php?rest_route=\/wp\/v2\/posts\/24530","targetHints":{"allow":["GET"]}}],"collection":[{"href":"https:\/\/haberbesiktas.tr\/index.php?rest_route=\/wp\/v2\/posts"}],"about":[{"href":"https:\/\/haberbesiktas.tr\/index.php?rest_route=\/wp\/v2\/types\/post"}],"author":[{"embeddable":true,"href":"https:\/\/haberbesiktas.tr\/index.php?rest_route=\/wp\/v2\/users\/1"}],"replies":[{"embeddable":true,"href":"https:\/\/haberbesiktas.tr\/index.php?rest_route=%2Fwp%2Fv2%2Fcomments&post=24530"}],"version-history":[{"count":1,"href":"https:\/\/haberbesiktas.tr\/index.php?rest_route=\/wp\/v2\/posts\/24530\/revisions"}],"predecessor-version":[{"id":24532,"href":"https:\/\/haberbesiktas.tr\/index.php?rest_route=\/wp\/v2\/posts\/24530\/revisions\/24532"}],"wp:featuredmedia":[{"embeddable":true,"href":"https:\/\/haberbesiktas.tr\/index.php?rest_route=\/wp\/v2\/media\/24531"}],"wp:attachment":[{"href":"https:\/\/haberbesiktas.tr\/index.php?rest_route=%2Fwp%2Fv2%2Fmedia&parent=24530"}],"wp:term":[{"taxonomy":"category","embeddable":true,"href":"https:\/\/haberbesiktas.tr\/index.php?rest_route=%2Fwp%2Fv2%2Fcategories&post=24530"},{"taxonomy":"post_tag","embeddable":true,"href":"https:\/\/haberbesiktas.tr\/index.php?rest_route=%2Fwp%2Fv2%2Ftags&post=24530"}],"curies":[{"name":"wp","href":"https:\/\/api.w.org\/{rel}","templated":true}]}}