{"id":24542,"date":"2025-04-28T03:12:05","date_gmt":"2025-04-28T03:12:05","guid":{"rendered":"https:\/\/haberbesiktas.tr\/?p=24542"},"modified":"2025-04-28T03:12:05","modified_gmt":"2025-04-28T03:12:05","slug":"ziya-akceken-pozisyon-vermeden-maglup-olduk","status":"publish","type":"post","link":"https:\/\/haberbesiktas.tr\/?p=24542","title":{"rendered":"Ziya Ak\u00e7eken: &#8220;Pozisyon vermeden ma\u011flup olduk&#8221;"},"content":{"rendered":"<div>\n<p>\u00a0Ahlat\u00e7\u0131 \u00c7orum FK Yard\u0131mc\u0131 Antren\u00f6r\u00fc Ziya Ak\u00e7eken, deplasmanda I\u011fd\u0131r FK&#8217;ye 1-0 ma\u011flup olduklar\u0131 ma\u00e7\u0131n akabinde a\u00e7\u0131klamalarda bulundu.<\/p>\n<p> Ahlat\u00e7\u0131 \u00c7orum FK Yard\u0131mc\u0131 Antren\u00f6r\u00fc Ziya Ak\u00e7eken ise \u015fu de\u011ferlendirmeyi yapt\u0131:<\/p>\n<p> <strong>&#8220;I\u011fd\u0131r FK&#8217;yi galibiyetlerinden \u00f6t\u00fcr\u00fc tebrik etmek istiyorum. Ligin alt\u0131nda olmalar\u0131na kar\u015f\u0131n asl\u0131nda devre ortas\u0131 yapt\u0131\u011f\u0131 transferlerle bu ligin en uygun gruplar\u0131ndan birisi. Bir\u00e7ok S\u00fcper Lig patentli atletleri devrede ald\u0131lar ve daha g\u00fc\u00e7l\u00fc bir hale geldiler. Oyuna bakt\u0131\u011f\u0131m\u0131z vakit istediklerini oyunu \u015fu anda alana yans\u0131tamad\u0131klar\u0131n\u0131 g\u00f6rd\u00fck. Hafta i\u00e7indeki tahlillerimizde de bu cins yetenekli, kaliteli oyuncular\u0131n oldu\u011fu k\u00fcmede topu onlara vermemeyi planlad\u0131k ve bunu ba\u015fard\u0131k asl\u0131nda. Topa sahip olan taraf bizdik, istikrarl\u0131 bir oyun ba\u015flang\u0131c\u0131 vard\u0131. I\u011fd\u0131r FK&#8217;yi sekizleri kullanma hasebiyle kenarlardan daraltarak sekiz ge\u00e7i\u015flerini engellemeye \u00e7al\u0131\u015ft\u0131k, daha sonras\u0131nda savunmadan Bruno&#8217;ya at\u0131lan zirve ko\u015fular\u0131, daima \u00e7al\u0131\u015ft\u0131\u011f\u0131m\u0131z noktalar. Ma\u00e7\u0131n ba\u015f\u0131nda girdi\u011fimiz bir durum var ve I\u011fd\u0131r FK&#8217;nin bizim yanl\u0131\u015f\u0131m\u0131zla kazand\u0131\u011f\u0131 bir gol. Onun haricinde savunma istikametinde \u00e7ok fazla konum vermedik.&#8221;<\/strong><\/p>\n<p> \u00a0<\/p>\n<p> \u00a0<\/p>\n<\/div>\n","protected":false},"excerpt":{"rendered":"<p>Ahlat\u00e7\u0131 \u00c7orum FK Yard\u0131mc\u0131 Antren\u00f6r\u00fc Ziya Ak\u00e7eken, I\u011fd\u0131r FK ma\u00e7\u0131n\u0131n akabinde konu\u015ftu.<\/p>\n","protected":false},"author":1,"featured_media":24543,"comment_status":"open","ping_status":"open","sticky":false,"template":"","format":"standard","meta":{"footnotes":""},"categories":[25],"tags":[],"class_list":["post-24542","post","type-post","status-publish","format-standard","has-post-thumbnail","hentry","category-futbol"],"_links":{"self":[{"href":"https:\/\/haberbesiktas.tr\/index.php?rest_route=\/wp\/v2\/posts\/24542","targetHints":{"allow":["GET"]}}],"collection":[{"href":"https:\/\/haberbesiktas.tr\/index.php?rest_route=\/wp\/v2\/posts"}],"about":[{"href":"https:\/\/haberbesiktas.tr\/index.php?rest_route=\/wp\/v2\/types\/post"}],"author":[{"embeddable":true,"href":"https:\/\/haberbesiktas.tr\/index.php?rest_route=\/wp\/v2\/users\/1"}],"replies":[{"embeddable":true,"href":"https:\/\/haberbesiktas.tr\/index.php?rest_route=%2Fwp%2Fv2%2Fcomments&post=24542"}],"version-history":[{"count":1,"href":"https:\/\/haberbesiktas.tr\/index.php?rest_route=\/wp\/v2\/posts\/24542\/revisions"}],"predecessor-version":[{"id":24544,"href":"https:\/\/haberbesiktas.tr\/index.php?rest_route=\/wp\/v2\/posts\/24542\/revisions\/24544"}],"wp:featuredmedia":[{"embeddable":true,"href":"https:\/\/haberbesiktas.tr\/index.php?rest_route=\/wp\/v2\/media\/24543"}],"wp:attachment":[{"href":"https:\/\/haberbesiktas.tr\/index.php?rest_route=%2Fwp%2Fv2%2Fmedia&parent=24542"}],"wp:term":[{"taxonomy":"category","embeddable":true,"href":"https:\/\/haberbesiktas.tr\/index.php?rest_route=%2Fwp%2Fv2%2Fcategories&post=24542"},{"taxonomy":"post_tag","embeddable":true,"href":"https:\/\/haberbesiktas.tr\/index.php?rest_route=%2Fwp%2Fv2%2Ftags&post=24542"}],"curies":[{"name":"wp","href":"https:\/\/api.w.org\/{rel}","templated":true}]}}