{"id":24553,"date":"2025-04-28T03:48:05","date_gmt":"2025-04-28T03:48:05","guid":{"rendered":"https:\/\/haberbesiktas.tr\/?p=24553"},"modified":"2025-04-28T03:48:05","modified_gmt":"2025-04-28T03:48:05","slug":"real-madride-zirve-yarisinda-buyuk-darbe","status":"publish","type":"post","link":"https:\/\/haberbesiktas.tr\/?p=24553","title":{"rendered":"Real Madrid&#8217;e zirve yar\u0131\u015f\u0131nda b\u00fcy\u00fck darbe!"},"content":{"rendered":"<div>\u0130spanya La Liga&#8217;n\u0131n 26. haftas\u0131nda Real Madrid, Real Betis deplasman\u0131na konuk oldu. Benito Villamarin&#8217;deki ma\u00e7\u0131 Real Madrid, 2-1&#8217;lik skorla kaybetti.<\/p>\n<p> Real Madrid, 10. dakikada Brahim Diaz ile \u00f6ne ge\u00e7ti. Real Betis, 34. dakikada Johnny ile 1-1&#8217;lik e\u015fitli\u011fi buldu ve devre 1-1 sona erdi.<\/p>\n<p> Real Betis, 54. dakikada Isco&#8217;nun penalt\u0131dan att\u0131\u011f\u0131 golle alandan 2-1&#8217;lik galibiyetle ayr\u0131ld\u0131.<\/p>\n<p> Real Betis&#8217;te Isco, m\u00fcsabakay\u0131 1 gol, 1 asistlik performansla tamamlad\u0131.<\/p>\n<p> Real Madrid&#8217;de ulusal futbolcu Arda G\u00fcler, m\u00fcsabakan\u0131n 59. dakikas\u0131nda oyuna dahil oldu.<\/p>\n<p> Bu sonucun akabinde Real Madrid, 54 puanda kald\u0131. Real Betis, 38 puana y\u00fckseldi.<\/p>\n<p> Ligin gelecek haftas\u0131nda Real Madrid, alan\u0131nda Rayo Vallecano ile kar\u015f\u0131 kar\u015f\u0131ya gelecek. Real Betis, Las Palmas&#8217;\u0131 a\u011f\u0131rlayacak.<\/p>\n<\/div>\n","protected":false},"excerpt":{"rendered":"<p>\u0130spanya La Liga&#8217;da Real Madrid, Real Betis&#8217;e deplasmanda 2-1 ma\u011flup oldu.<\/p>\n","protected":false},"author":1,"featured_media":24554,"comment_status":"open","ping_status":"open","sticky":false,"template":"","format":"standard","meta":{"footnotes":""},"categories":[25],"tags":[2253,364],"class_list":["post-24553","post","type-post","status-publish","format-standard","has-post-thumbnail","hentry","category-futbol","tag-real-betis","tag-real-madrid"],"_links":{"self":[{"href":"https:\/\/haberbesiktas.tr\/index.php?rest_route=\/wp\/v2\/posts\/24553","targetHints":{"allow":["GET"]}}],"collection":[{"href":"https:\/\/haberbesiktas.tr\/index.php?rest_route=\/wp\/v2\/posts"}],"about":[{"href":"https:\/\/haberbesiktas.tr\/index.php?rest_route=\/wp\/v2\/types\/post"}],"author":[{"embeddable":true,"href":"https:\/\/haberbesiktas.tr\/index.php?rest_route=\/wp\/v2\/users\/1"}],"replies":[{"embeddable":true,"href":"https:\/\/haberbesiktas.tr\/index.php?rest_route=%2Fwp%2Fv2%2Fcomments&post=24553"}],"version-history":[{"count":1,"href":"https:\/\/haberbesiktas.tr\/index.php?rest_route=\/wp\/v2\/posts\/24553\/revisions"}],"predecessor-version":[{"id":24555,"href":"https:\/\/haberbesiktas.tr\/index.php?rest_route=\/wp\/v2\/posts\/24553\/revisions\/24555"}],"wp:featuredmedia":[{"embeddable":true,"href":"https:\/\/haberbesiktas.tr\/index.php?rest_route=\/wp\/v2\/media\/24554"}],"wp:attachment":[{"href":"https:\/\/haberbesiktas.tr\/index.php?rest_route=%2Fwp%2Fv2%2Fmedia&parent=24553"}],"wp:term":[{"taxonomy":"category","embeddable":true,"href":"https:\/\/haberbesiktas.tr\/index.php?rest_route=%2Fwp%2Fv2%2Fcategories&post=24553"},{"taxonomy":"post_tag","embeddable":true,"href":"https:\/\/haberbesiktas.tr\/index.php?rest_route=%2Fwp%2Fv2%2Ftags&post=24553"}],"curies":[{"name":"wp","href":"https:\/\/api.w.org\/{rel}","templated":true}]}}