{"id":2460,"date":"2025-01-10T15:54:44","date_gmt":"2025-01-10T15:54:44","guid":{"rendered":"https:\/\/haberbesiktas.tr\/?p=2460"},"modified":"2025-01-10T15:54:44","modified_gmt":"2025-01-10T15:54:44","slug":"menemen-fkda-fethi-sekinin-oglu-icin-ozel-kutlama","status":"publish","type":"post","link":"https:\/\/haberbesiktas.tr\/?p=2460","title":{"rendered":"Menemen FK&#8217;da Fethi Sekin&#8217;in o\u011flu i\u00e7in \u00f6zel kutlama"},"content":{"rendered":"<div>\u0130zmir&#8217;in TFF 2&#8217;nci Lig K\u0131rm\u0131z\u0131 K\u00fcme&#8217;deki temsilcisi Menemen Futbol Kul\u00fcb\u00fc, futbolculardan Burak Tolunay Sekin&#8217;in 19&#8217;uncu do\u011fum g\u00fcn\u00fcn\u00fc Antalya kamp\u0131nda kutlad\u0131. Burak i\u00e7in kampta Lider Al\u0131m Tokul ve t\u00fcm ekibin i\u015ftirakiyle do\u011fum g\u00fcn\u00fc pastas\u0131 kesildi.<\/p>\n<p> \u0130zmir&#8217;de 5 Ocak 2017&#8217;de meydana gelen ter\u00f6r ata\u011f\u0131nda can\u0131n\u0131 feda ederek ter\u00f6ristlerin \u0130zmir Adliyesi&#8217;ne girmesine mani olan Kahraman \u015eehit Polis Fethi Sekin&#8217;in o\u011flu olan, babas\u0131n\u0131 11&#8217;inci do\u011fum g\u00fcn\u00fcnden 2 g\u00fcn evvel kaybeden Burak Tolunay, Altay altyap\u0131s\u0131nda yeti\u015ferek ge\u00e7en y\u0131l Galatasaray altyap\u0131s\u0131na transfer olmu\u015ftu. Burak Tolunay bu d\u00f6nem ba\u015f\u0131nda Menemen FK&#8217;yla 3 y\u0131ll\u0131k profesyonel mukavele imzalamas\u0131na kar\u015f\u0131n A grupta \u015fimdi forma giymedi.<\/p>\n<\/div>\n","protected":false},"excerpt":{"rendered":"<p>\u015eehit Fethi Sekin&#8217;in o\u011flu Burak Tolunay Sekin, Menemen FK&#8217;n\u0131n Antalya kamp\u0131nda do\u011fum g\u00fcn\u00fc pastas\u0131n\u0131 ekip arkada\u015flar\u0131yla birlikte kesti.<\/p>\n","protected":false},"author":1,"featured_media":2461,"comment_status":"open","ping_status":"open","sticky":false,"template":"","format":"standard","meta":{"footnotes":""},"categories":[25],"tags":[],"class_list":["post-2460","post","type-post","status-publish","format-standard","has-post-thumbnail","hentry","category-futbol"],"_links":{"self":[{"href":"https:\/\/haberbesiktas.tr\/index.php?rest_route=\/wp\/v2\/posts\/2460","targetHints":{"allow":["GET"]}}],"collection":[{"href":"https:\/\/haberbesiktas.tr\/index.php?rest_route=\/wp\/v2\/posts"}],"about":[{"href":"https:\/\/haberbesiktas.tr\/index.php?rest_route=\/wp\/v2\/types\/post"}],"author":[{"embeddable":true,"href":"https:\/\/haberbesiktas.tr\/index.php?rest_route=\/wp\/v2\/users\/1"}],"replies":[{"embeddable":true,"href":"https:\/\/haberbesiktas.tr\/index.php?rest_route=%2Fwp%2Fv2%2Fcomments&post=2460"}],"version-history":[{"count":1,"href":"https:\/\/haberbesiktas.tr\/index.php?rest_route=\/wp\/v2\/posts\/2460\/revisions"}],"predecessor-version":[{"id":2462,"href":"https:\/\/haberbesiktas.tr\/index.php?rest_route=\/wp\/v2\/posts\/2460\/revisions\/2462"}],"wp:featuredmedia":[{"embeddable":true,"href":"https:\/\/haberbesiktas.tr\/index.php?rest_route=\/wp\/v2\/media\/2461"}],"wp:attachment":[{"href":"https:\/\/haberbesiktas.tr\/index.php?rest_route=%2Fwp%2Fv2%2Fmedia&parent=2460"}],"wp:term":[{"taxonomy":"category","embeddable":true,"href":"https:\/\/haberbesiktas.tr\/index.php?rest_route=%2Fwp%2Fv2%2Fcategories&post=2460"},{"taxonomy":"post_tag","embeddable":true,"href":"https:\/\/haberbesiktas.tr\/index.php?rest_route=%2Fwp%2Fv2%2Ftags&post=2460"}],"curies":[{"name":"wp","href":"https:\/\/api.w.org\/{rel}","templated":true}]}}