{"id":24699,"date":"2025-04-29T05:00:22","date_gmt":"2025-04-29T05:00:22","guid":{"rendered":"https:\/\/haberbesiktas.tr\/?p=24699"},"modified":"2025-04-29T05:00:22","modified_gmt":"2025-04-29T05:00:22","slug":"victor-osimhen-paylasilamiyor","status":"publish","type":"post","link":"https:\/\/haberbesiktas.tr\/?p=24699","title":{"rendered":"Victor Osimhen payla\u015f\u0131lam\u0131yor!"},"content":{"rendered":"<div>Galatasaray&#8217;\u0131n d\u00f6nem ba\u015f\u0131nda Napoli&#8217;den kiral\u0131k olarak tak\u0131m\u0131na katt\u0131\u011f\u0131 Victor Osimhen ile ilgili de\u011ferli geli\u015fmeler ya\u015fan\u0131yor.<\/p>\n<p> \u0130ngiltere Premier Lig kadrolar\u0131ndan Manchester United ve Chelsea y\u0131ld\u0131z golc\u00fcy\u00fc renklerine katmak i\u00e7in harekete ge\u00e7mi\u015fti.<\/p>\n<p> Bir \u00f6b\u00fcr \u0130ngiliz devi Arsenal de Osimhen i\u00e7in harekete ge\u00e7ti. 3 \u0130ngiliz devinin Nijeryal\u0131 golc\u00fcy\u00fc tak\u0131m\u0131na katmak i\u00e7in sava\u015f halinde olduklar\u0131 belirtildi. 3 kul\u00fcb\u00fcn de Osimhen&#8217;in 75 milyon Euro&#8217;luk \u00f6zg\u00fcr kalma bedelini \u00f6demeye haz\u0131r olduklar\u0131 vurguland\u0131.<\/p>\n<p> <strong>G.SARAY PERFORMANSI<\/strong><\/p>\n<p> Bu d\u00f6nem 27 m\u00fcsabakada vazife alan 26 ya\u015f\u0131ndaki golc\u00fc, 20 gol atarken 5 asist yapt\u0131. Osimhen&#8217;in Napoli ile 2026 y\u0131l\u0131na kadar mukavelesi var.\u00a0<\/p>\n<div>\u00a0<\/div>\n<\/div>\n","protected":false},"excerpt":{"rendered":"<p>Galatasaray&#8217;da kiral\u0131k olarak forma giyen Victor Osimhen i\u00e7in Premier Lig devleri harekete ge\u00e7ti. Arsenal, Manchester United ve Chelsea, Nijeryal\u0131 golc\u00fcy\u00fc tak\u0131m\u0131na katmak i\u00e7in yar\u0131\u015fa girdi.<\/p>\n","protected":false},"author":1,"featured_media":24700,"comment_status":"open","ping_status":"open","sticky":false,"template":"","format":"standard","meta":{"footnotes":""},"categories":[25],"tags":[],"class_list":["post-24699","post","type-post","status-publish","format-standard","has-post-thumbnail","hentry","category-futbol"],"_links":{"self":[{"href":"https:\/\/haberbesiktas.tr\/index.php?rest_route=\/wp\/v2\/posts\/24699","targetHints":{"allow":["GET"]}}],"collection":[{"href":"https:\/\/haberbesiktas.tr\/index.php?rest_route=\/wp\/v2\/posts"}],"about":[{"href":"https:\/\/haberbesiktas.tr\/index.php?rest_route=\/wp\/v2\/types\/post"}],"author":[{"embeddable":true,"href":"https:\/\/haberbesiktas.tr\/index.php?rest_route=\/wp\/v2\/users\/1"}],"replies":[{"embeddable":true,"href":"https:\/\/haberbesiktas.tr\/index.php?rest_route=%2Fwp%2Fv2%2Fcomments&post=24699"}],"version-history":[{"count":1,"href":"https:\/\/haberbesiktas.tr\/index.php?rest_route=\/wp\/v2\/posts\/24699\/revisions"}],"predecessor-version":[{"id":24701,"href":"https:\/\/haberbesiktas.tr\/index.php?rest_route=\/wp\/v2\/posts\/24699\/revisions\/24701"}],"wp:featuredmedia":[{"embeddable":true,"href":"https:\/\/haberbesiktas.tr\/index.php?rest_route=\/wp\/v2\/media\/24700"}],"wp:attachment":[{"href":"https:\/\/haberbesiktas.tr\/index.php?rest_route=%2Fwp%2Fv2%2Fmedia&parent=24699"}],"wp:term":[{"taxonomy":"category","embeddable":true,"href":"https:\/\/haberbesiktas.tr\/index.php?rest_route=%2Fwp%2Fv2%2Fcategories&post=24699"},{"taxonomy":"post_tag","embeddable":true,"href":"https:\/\/haberbesiktas.tr\/index.php?rest_route=%2Fwp%2Fv2%2Ftags&post=24699"}],"curies":[{"name":"wp","href":"https:\/\/api.w.org\/{rel}","templated":true}]}}