{"id":24711,"date":"2025-04-29T05:48:16","date_gmt":"2025-04-29T05:48:16","guid":{"rendered":"https:\/\/haberbesiktas.tr\/?p=24711"},"modified":"2025-04-29T05:48:16","modified_gmt":"2025-04-29T05:48:16","slug":"eyupsporda-gaziantep-fk-maci-oncesi-6-eksik","status":"publish","type":"post","link":"https:\/\/haberbesiktas.tr\/?p=24711","title":{"rendered":"Ey\u00fcpspor&#8217;da Gaziantep FK ma\u00e7\u0131 \u00f6ncesi 6 eksik!"},"content":{"rendered":"<div>\n<p>Trendyol \u00dcst\u00fcn Lig&#8217;in 26. haftas\u0131nda ikas Ey\u00fcpspor, 3 Mart Pazartesi g\u00fcn\u00fc deplasmanda Gaziantep FK ile kar\u015f\u0131la\u015facak.<\/p>\n<p> Gaziantep Stad\u0131&#8217;nda oynanacak u\u011fra\u015f saat 16.00&#8217;da ba\u015flayacak. M\u00fcsabakay\u0131 hakem Alper Akarsu y\u00f6netecek.<\/p>\n<p> Ligde oynad\u0131\u011f\u0131 24 kar\u015f\u0131la\u015fmada 11 galibiyet, 7 beraberlik, 6 yenilgi ya\u015fayan teknik y\u00f6netici Arda Turan idaresindeki ikas Ey\u00fcpspor, 40 puanla 5. s\u0131rada yer al\u0131yor.<\/p>\n<p> Sel\u00e7uk \u0130nan&#8217;\u0131n \u00e7al\u0131\u015ft\u0131rd\u0131\u011f\u0131 Gaziantep FK ise ligde \u00e7\u0131kt\u0131\u011f\u0131 23 ma\u00e7ta 8 galibiyet, 5 beraberlik, 10 yenilgi ya\u015fad\u0131 ve toplad\u0131\u011f\u0131 29 puanla 13. basamakta kendine yer buldu.<\/p>\n<p> <strong>EKS\u0130KLER<\/strong><\/p>\n<p> Eflatun-sar\u0131l\u0131 grupta, Gaziantep FK ma\u00e7\u0131 \u00f6ncesi sakat ve cezal\u0131 oyuncular\u0131n fazlal\u0131\u011f\u0131 dikkati \u00e7ekiyor.<\/p>\n<p> \u0130stanbul ekibinde, ligde ge\u00e7en hafta oynanan Be\u015fikta\u015f m\u00fcsabakas\u0131nda sar\u0131 kart g\u00f6rerek cezal\u0131 duruma d\u00fc\u015fen Robin Yal\u00e7\u0131n, Gaziantep deplasman\u0131nda forma giyemeyecek.<\/p>\n<p> Sakatl\u0131klar\u0131 devam eden Leo Dubois, Melih Kabasakal, Recep Niyaz, Fredrik Midtsj\u00f6 ve Ta\u015fk\u0131n \u0130lter&#8217;in de kar\u015f\u0131la\u015fmada forma giymesi beklenmiyor.<\/p>\n<p> <strong>CEZA SINIRINDAK\u0130LER<\/strong><\/p>\n<p> Eflatun-sar\u0131l\u0131 kadroda d\u00f6rt oyuncu sar\u0131 kart ceza hududunda bulunuyor.\u00a0<\/p>\n<p> Ey\u00fcpspor&#8217;da sakatl\u0131\u011f\u0131 nedeniyle tak\u0131mda olmas\u0131 beklenmeyen Fredrik Midtsj\u00f6&#8217;n\u00fcn yan\u0131 s\u0131ra Prince Ampem, Halil Akbunar ve Emre Akbaba, Gaziantep FK kar\u015f\u0131s\u0131nda sar\u0131 kart g\u00f6rmeleri durumunda cezal\u0131 duruma d\u00fc\u015fecek.\u00a0<\/p>\n<p> Bu d\u00f6rt futbolcu, cezal\u0131 duruma d\u00fc\u015fmesi halinde ligin 27. haftas\u0131nda oynanacak T\u00dcMOSAN Konyaspor ma\u00e7\u0131nda forma giyemeyecek.<\/p>\n<\/div>\n","protected":false},"excerpt":{"rendered":"<p>Ey\u00fcpspor 3 Mart Pazartesi g\u00fcn\u00fc Gaziantep FK&#8217;ye konuk olacak.<\/p>\n","protected":false},"author":1,"featured_media":24712,"comment_status":"open","ping_status":"open","sticky":false,"template":"","format":"standard","meta":{"footnotes":""},"categories":[25],"tags":[505,357,605],"class_list":["post-24711","post","type-post","status-publish","format-standard","has-post-thumbnail","hentry","category-futbol","tag-ceza","tag-gaziantep","tag-sari"],"_links":{"self":[{"href":"https:\/\/haberbesiktas.tr\/index.php?rest_route=\/wp\/v2\/posts\/24711","targetHints":{"allow":["GET"]}}],"collection":[{"href":"https:\/\/haberbesiktas.tr\/index.php?rest_route=\/wp\/v2\/posts"}],"about":[{"href":"https:\/\/haberbesiktas.tr\/index.php?rest_route=\/wp\/v2\/types\/post"}],"author":[{"embeddable":true,"href":"https:\/\/haberbesiktas.tr\/index.php?rest_route=\/wp\/v2\/users\/1"}],"replies":[{"embeddable":true,"href":"https:\/\/haberbesiktas.tr\/index.php?rest_route=%2Fwp%2Fv2%2Fcomments&post=24711"}],"version-history":[{"count":1,"href":"https:\/\/haberbesiktas.tr\/index.php?rest_route=\/wp\/v2\/posts\/24711\/revisions"}],"predecessor-version":[{"id":24713,"href":"https:\/\/haberbesiktas.tr\/index.php?rest_route=\/wp\/v2\/posts\/24711\/revisions\/24713"}],"wp:featuredmedia":[{"embeddable":true,"href":"https:\/\/haberbesiktas.tr\/index.php?rest_route=\/wp\/v2\/media\/24712"}],"wp:attachment":[{"href":"https:\/\/haberbesiktas.tr\/index.php?rest_route=%2Fwp%2Fv2%2Fmedia&parent=24711"}],"wp:term":[{"taxonomy":"category","embeddable":true,"href":"https:\/\/haberbesiktas.tr\/index.php?rest_route=%2Fwp%2Fv2%2Fcategories&post=24711"},{"taxonomy":"post_tag","embeddable":true,"href":"https:\/\/haberbesiktas.tr\/index.php?rest_route=%2Fwp%2Fv2%2Ftags&post=24711"}],"curies":[{"name":"wp","href":"https:\/\/api.w.org\/{rel}","templated":true}]}}