{"id":24717,"date":"2025-04-29T06:12:15","date_gmt":"2025-04-29T06:12:15","guid":{"rendered":"https:\/\/haberbesiktas.tr\/?p=24717"},"modified":"2025-04-29T06:12:15","modified_gmt":"2025-04-29T06:12:15","slug":"sivassporda-basaksehir-maci-oncesi-3-eksik","status":"publish","type":"post","link":"https:\/\/haberbesiktas.tr\/?p=24717","title":{"rendered":"Sivasspor&#8217;da Ba\u015fak\u015fehir ma\u00e7\u0131 \u00f6ncesi 3 eksik"},"content":{"rendered":"<div>\n<p>Net K\u00fcresel Sivasspor, Trendyol Muhte\u015fem Lig&#8217;in 26. haftas\u0131nda 3 Mart Pazartesi g\u00fcn\u00fc deplasmanda RAMS Ba\u015fak\u015fehir ile kar\u015f\u0131la\u015facak.\u00a0<\/p>\n<p> Ba\u015fak\u015fehir Fatih Terim Stad\u0131&#8217;nda saat 20.30&#8217;da ba\u015flayacak m\u00fcsabakay\u0131, hakem Muhammet Ali Meto\u011flu y\u00f6netecek.<\/p>\n<p> M\u00fcsabakan\u0131n haz\u0131rl\u0131klar\u0131n\u0131 bug\u00fcn yapaca\u011f\u0131 idmanla tamamlayacak k\u0131rm\u0131z\u0131-beyazl\u0131 grup, \u0130stanbul&#8217;a gidecek.\u00a0<\/p>\n<p> Uros Radakovic&#8217;in k\u0131rm\u0131z\u0131 kart cezas\u0131 nedeniyle forma giyemeyece\u011fi k\u0131rm\u0131z\u0131-beyazl\u0131 tak\u0131mda, Ba\u015fak\u015fehir ma\u00e7\u0131 \u00f6ncesi Garry Rodrigues, Tolga Ci\u011ferci ve Achilleas Poungouras&#8217;\u0131n sakatl\u0131klar\u0131 bulunuyor.<\/p>\n<p> Sivas temsilcisi, ligin geride kalan k\u0131sm\u0131nda 6 galibiyet, 6 beraberlik ve 12 yenilgiyle 24 puan toplad\u0131.<\/p>\n<\/div>\n","protected":false},"excerpt":{"rendered":"<p>Sivasspor, S\u00fcper Lig&#8217;de 3 Mart Pazartesi g\u00fcn\u00fc Ba\u015fak\u015fehir&#8217;e konuk olacak.<\/p>\n","protected":false},"author":1,"featured_media":24718,"comment_status":"open","ping_status":"open","sticky":false,"template":"","format":"standard","meta":{"footnotes":""},"categories":[25],"tags":[],"class_list":["post-24717","post","type-post","status-publish","format-standard","has-post-thumbnail","hentry","category-futbol"],"_links":{"self":[{"href":"https:\/\/haberbesiktas.tr\/index.php?rest_route=\/wp\/v2\/posts\/24717","targetHints":{"allow":["GET"]}}],"collection":[{"href":"https:\/\/haberbesiktas.tr\/index.php?rest_route=\/wp\/v2\/posts"}],"about":[{"href":"https:\/\/haberbesiktas.tr\/index.php?rest_route=\/wp\/v2\/types\/post"}],"author":[{"embeddable":true,"href":"https:\/\/haberbesiktas.tr\/index.php?rest_route=\/wp\/v2\/users\/1"}],"replies":[{"embeddable":true,"href":"https:\/\/haberbesiktas.tr\/index.php?rest_route=%2Fwp%2Fv2%2Fcomments&post=24717"}],"version-history":[{"count":1,"href":"https:\/\/haberbesiktas.tr\/index.php?rest_route=\/wp\/v2\/posts\/24717\/revisions"}],"predecessor-version":[{"id":24719,"href":"https:\/\/haberbesiktas.tr\/index.php?rest_route=\/wp\/v2\/posts\/24717\/revisions\/24719"}],"wp:featuredmedia":[{"embeddable":true,"href":"https:\/\/haberbesiktas.tr\/index.php?rest_route=\/wp\/v2\/media\/24718"}],"wp:attachment":[{"href":"https:\/\/haberbesiktas.tr\/index.php?rest_route=%2Fwp%2Fv2%2Fmedia&parent=24717"}],"wp:term":[{"taxonomy":"category","embeddable":true,"href":"https:\/\/haberbesiktas.tr\/index.php?rest_route=%2Fwp%2Fv2%2Fcategories&post=24717"},{"taxonomy":"post_tag","embeddable":true,"href":"https:\/\/haberbesiktas.tr\/index.php?rest_route=%2Fwp%2Fv2%2Ftags&post=24717"}],"curies":[{"name":"wp","href":"https:\/\/api.w.org\/{rel}","templated":true}]}}