{"id":24723,"date":"2025-04-29T06:36:11","date_gmt":"2025-04-29T06:36:11","guid":{"rendered":"https:\/\/haberbesiktas.tr\/?p=24723"},"modified":"2025-04-29T06:36:11","modified_gmt":"2025-04-29T06:36:11","slug":"judoya-birlikte-baslayan-edirneli-sporcularin-hedefi-olimpiyatlarda-kursuye-cikmak","status":"publish","type":"post","link":"https:\/\/haberbesiktas.tr\/?p=24723","title":{"rendered":"Judoya birlikte ba\u015flayan Edirneli sporcular\u0131n hedefi olimpiyatlarda k\u00fcrs\u00fcye \u00e7\u0131kmak"},"content":{"rendered":"<div> Edirne&#8217;de birlikte ba\u015flad\u0131klar\u0131 judoda elde ettikleri ba\u015far\u0131larla ulusal ekibe se\u00e7ilen Doruk Karaba\u015fl\u0131 (17) ve \u00d6zg\u00fcr Derin Arsu (17), olimpiyatlarda k\u00fcrs\u00fcye \u00e7\u0131kmay\u0131 hedefliyor.<\/p>\n<p> K\u00fc\u00e7\u00fck ya\u015flarda birbirlerine \u00f6rnek olarak judoya ba\u015flayan Doruk Karaba\u015fl\u0131 ve \u00d6zg\u00fcr Derin Arsu, 11 y\u0131ld\u0131r antren\u00f6rleri \u0130lknur Koba\u015f Zirve e\u015fli\u011finde \u00e7al\u0131\u015fmalar\u0131n\u0131 s\u00fcrd\u00fcr\u00fcyor.<\/p>\n<p> Balkan Judo Spor Kul\u00fcb\u00fc atletleri, ge\u00e7en ay\u0131n ba\u015f\u0131nda Ankara&#8217;da d\u00fczenlenen Spor Toto \u00dcmitler T\u00fcrkiye Judo \u015eampiyonas\u0131&#8217;nda elde ettikleri derecelerle ulusal gruba se\u00e7ilme ba\u015far\u0131s\u0131 g\u00f6sterdi.<\/p>\n<p> Ulusal ekibe girmenin gururunu ya\u015fayan gen\u00e7 sportmenler, meslek basamaklar\u0131n\u0131 s\u0131ras\u0131yla t\u0131rman\u0131p en b\u00fcy\u00fck ama\u00e7lar\u0131 olan olimpiyatlarda k\u00fcrs\u00fcye \u00e7\u0131kmak istiyor.<\/p>\n<p> <strong>&#8211; &#8220;B\u00fcy\u00fck muvaffakiyetler elde etmek istiyorum&#8221;<\/strong><\/p>\n<p> Doruk Karaba\u015fl\u0131, AA muhabirine, judoda b\u00fcy\u00fck muvaffakiyetler elde etmeyi hedefledi\u011fini s\u00f6yledi.<\/p>\n<p> K\u0131rkp\u0131nar Spor Lisesi \u00f6\u011frencisi Doruk, Spor Toto \u00dcmitler T\u00fcrkiye Judo \u015eampiyonas\u0131&#8217;nda 90 kiloda g\u00fcm\u00fc\u015f madalya kazand\u0131\u011f\u0131n\u0131 ve ulusal ekibe se\u00e7ildi\u011fini an\u0131msatt\u0131.<\/p>\n<p> Judoya 6 ya\u015f\u0131nda ba\u015flad\u0131\u011f\u0131n\u0131 anlatan Doruk, &#8220;Arkada\u015f\u0131m \u00d6zg\u00fcr Derin Arsu bu sporu yapmaya ba\u015flam\u0131\u015ft\u0131 ve \u00e7abucak akabinde babas\u0131 beni judoya y\u00f6nlendirdi. \u00d6zg\u00fcr&#8217;le birlikte judoya ba\u015flad\u0131k ve \u00e7al\u0131\u015fmalar\u0131m\u0131z\u0131 birlikte s\u00fcrd\u00fcr\u00fcyoruz. Yeterli ki birlikte ba\u015flam\u0131\u015f\u0131z.&#8221; dedi.<\/p>\n<p> Doruk Karaba\u015fl\u0131, judonun g\u00fcnl\u00fck hayat\u0131na ve e\u011fitim s\u00fcrecine pek \u00e7ok katk\u0131 sa\u011flad\u0131\u011f\u0131n\u0131 s\u00f6z etti.<\/p>\n<p> Judo sayesinde disiplinli, g\u00fc\u00e7l\u00fc ve ba\u015far\u0131l\u0131 oldu\u011funu lisana getiren Doruk, \u015funlar\u0131 kaydetti:<\/p>\n<p> &#8220;Judoyu \u00e7ok seviyorum. Ulusal ekibe se\u00e7ilmek benim i\u00e7in \u00e7ok b\u00fcy\u00fck bir gurur. Bu ay d\u00fczenlenecek \u00dcmitler Naz\u0131m Canca Avrupa Kupas\u0131&#8217;na kat\u0131laca\u011f\u0131m. Orada da muvaffakiyet elde edip d\u00fcnya \u015fampiyonas\u0131na kat\u0131lmak sonra da olimpiyatlara kadar gitmek istiyorum. En b\u00fcy\u00fck amac\u0131m olimpiyatlarda alt\u0131n madalya kazanmak.&#8221;<\/p>\n<p> <strong>&#8211; &#8220;Milli ekipte olmak b\u00fcy\u00fck onur&#8221;<\/strong><\/p>\n<p> 80. Y\u0131l Cumhuriyet Anadolu Lisesi \u00f6\u011frencisi \u00d6zg\u00fcr Derin Arsu ise k\u00fc\u00e7\u00fck ya\u015flarda ba\u015flad\u0131\u011f\u0131 judonun kendisine b\u00fcy\u00fck katk\u0131s\u0131 oldu\u011funu belirtti.<\/p>\n<p> Babas\u0131n\u0131n y\u00f6nlendirmesiyle spora ba\u015flad\u0131\u011f\u0131n\u0131 ve arkada\u015f\u0131 Doruk ile uzun vakittir judoyla ilgilendi\u011fini aktaran \u00d6zg\u00fcr, her vakit daha \u00fcste \u00e7\u0131kmaya odakland\u0131klar\u0131n\u0131 vurgulad\u0131.<\/p>\n<p> Ulusal gruba se\u00e7ilmekten \u00f6t\u00fcr\u00fc memnun oldu\u011funu anlatan \u00d6zg\u00fcr Derin Arsu, &#8220;Spor Toto \u00dcmitler T\u00fcrkiye Judo \u015eampiyonas\u0131&#8217;nda 70 kiloda be\u015finci oldum ve ulusal ekibe girmeyi ba\u015fard\u0131m. \u00d6n\u00fcm\u00fczde \u00dcmitler Naz\u0131m Canca Avrupa Kupas\u0131 var. T\u00fcrkiye&#8217;yi temsil edece\u011fim. Bu, \u00e7ok b\u00fcy\u00fck bir onur. T\u00fcm basamaklar\u0131 tek tek \u00e7\u0131k\u0131p olimpiyatlara gitmek ve her atletin hayali olan olimpiyat \u015fampiyonlu\u011funu elde etmek istiyorum.&#8221; diye konu\u015ftu.<\/p>\n<div>\u00a0<\/div>\n<\/p><\/div>\n<div>\u00a0<\/div>\n","protected":false},"excerpt":{"rendered":"<p>Judoda elde ettikleri ba\u015far\u0131larla ulusal kadroya se\u00e7ilen Doruk Karaba\u015fl\u0131 (17) ve \u00d6zg\u00fcr Derin Arsu (17), olimpiyatlarda k\u00fcrs\u00fcye \u00e7\u0131kmay\u0131 hedefliyor.<\/p>\n","protected":false},"author":1,"featured_media":24724,"comment_status":"open","ping_status":"open","sticky":false,"template":"","format":"standard","meta":{"footnotes":""},"categories":[27],"tags":[2258,178,2072,465,65],"class_list":["post-24723","post","type-post","status-publish","format-standard","has-post-thumbnail","hentry","category-guncel-haberler","tag-doruk","tag-judo","tag-milli-takima","tag-olimpiyat","tag-spor"],"_links":{"self":[{"href":"https:\/\/haberbesiktas.tr\/index.php?rest_route=\/wp\/v2\/posts\/24723","targetHints":{"allow":["GET"]}}],"collection":[{"href":"https:\/\/haberbesiktas.tr\/index.php?rest_route=\/wp\/v2\/posts"}],"about":[{"href":"https:\/\/haberbesiktas.tr\/index.php?rest_route=\/wp\/v2\/types\/post"}],"author":[{"embeddable":true,"href":"https:\/\/haberbesiktas.tr\/index.php?rest_route=\/wp\/v2\/users\/1"}],"replies":[{"embeddable":true,"href":"https:\/\/haberbesiktas.tr\/index.php?rest_route=%2Fwp%2Fv2%2Fcomments&post=24723"}],"version-history":[{"count":1,"href":"https:\/\/haberbesiktas.tr\/index.php?rest_route=\/wp\/v2\/posts\/24723\/revisions"}],"predecessor-version":[{"id":24725,"href":"https:\/\/haberbesiktas.tr\/index.php?rest_route=\/wp\/v2\/posts\/24723\/revisions\/24725"}],"wp:featuredmedia":[{"embeddable":true,"href":"https:\/\/haberbesiktas.tr\/index.php?rest_route=\/wp\/v2\/media\/24724"}],"wp:attachment":[{"href":"https:\/\/haberbesiktas.tr\/index.php?rest_route=%2Fwp%2Fv2%2Fmedia&parent=24723"}],"wp:term":[{"taxonomy":"category","embeddable":true,"href":"https:\/\/haberbesiktas.tr\/index.php?rest_route=%2Fwp%2Fv2%2Fcategories&post=24723"},{"taxonomy":"post_tag","embeddable":true,"href":"https:\/\/haberbesiktas.tr\/index.php?rest_route=%2Fwp%2Fv2%2Ftags&post=24723"}],"curies":[{"name":"wp","href":"https:\/\/api.w.org\/{rel}","templated":true}]}}