{"id":24788,"date":"2025-04-29T10:48:20","date_gmt":"2025-04-29T10:48:20","guid":{"rendered":"https:\/\/haberbesiktas.tr\/?p=24788"},"modified":"2025-04-29T10:48:20","modified_gmt":"2025-04-29T10:48:20","slug":"galatasaray-var-incelemesiyle-penalti-kazandi","status":"publish","type":"post","link":"https:\/\/haberbesiktas.tr\/?p=24788","title":{"rendered":"Galatasaray, VAR incelemesiyle penalt\u0131 kazand\u0131!"},"content":{"rendered":"<div>Galatasaray, Kas\u0131mpa\u015fa ile oynad\u0131\u011f\u0131 ma\u00e7ta VAR m\u00fcdahalesinin akabinde penalt\u0131 kazand\u0131.<\/p>\n<p> M\u00fcsabakan\u0131n 10. dakikas\u0131nda Victor Osimhen, kaleci Gianniotis ile girdi\u011fi \u00e7abada yerde kald\u0131 ve penalt\u0131 bekledi.<\/p>\n<p> Hakem Cihan Ayd\u0131n, VAR&#8217;dan gelen ikaz\u0131n akabinde durumu ekranda izledi ve penalt\u0131 noktas\u0131n\u0131 g\u00f6sterdi.<\/p>\n<p> Osimhen, 12. dakikada kulland\u0131\u011f\u0131 penalt\u0131da topu a\u011flara g\u00f6nderdi ve Galatasaray&#8217;\u0131 1-0 \u00f6ne ta\u015f\u0131d\u0131.<\/p>\n<p><img decoding=\"async\" src=\"https:\/\/haberbesiktas.tr\/wp-content\/uploads\/2025\/04\/galatasaray-var-incelemesiyle-penalti-kazandi-0-VPPkQJJt.jpg\"\/><\/p>\n<p><img decoding=\"async\" src=\"https:\/\/haberbesiktas.tr\/wp-content\/uploads\/2025\/04\/galatasaray-var-incelemesiyle-penalti-kazandi-1-PqLWKmfe.jpg\"\/><\/p>\n<\/div>\n","protected":false},"excerpt":{"rendered":"<p>Galatasaray, Kas\u0131mpa\u015fa ma\u00e7\u0131nda Victor Osimhen&#8217;in yerde kalmas\u0131n\u0131n akabinde VAR incelemesiyle penalt\u0131 kazand\u0131.<\/p>\n","protected":false},"author":1,"featured_media":24789,"comment_status":"open","ping_status":"open","sticky":false,"template":"","format":"standard","meta":{"footnotes":""},"categories":[25],"tags":[],"class_list":["post-24788","post","type-post","status-publish","format-standard","has-post-thumbnail","hentry","category-futbol"],"_links":{"self":[{"href":"https:\/\/haberbesiktas.tr\/index.php?rest_route=\/wp\/v2\/posts\/24788","targetHints":{"allow":["GET"]}}],"collection":[{"href":"https:\/\/haberbesiktas.tr\/index.php?rest_route=\/wp\/v2\/posts"}],"about":[{"href":"https:\/\/haberbesiktas.tr\/index.php?rest_route=\/wp\/v2\/types\/post"}],"author":[{"embeddable":true,"href":"https:\/\/haberbesiktas.tr\/index.php?rest_route=\/wp\/v2\/users\/1"}],"replies":[{"embeddable":true,"href":"https:\/\/haberbesiktas.tr\/index.php?rest_route=%2Fwp%2Fv2%2Fcomments&post=24788"}],"version-history":[{"count":1,"href":"https:\/\/haberbesiktas.tr\/index.php?rest_route=\/wp\/v2\/posts\/24788\/revisions"}],"predecessor-version":[{"id":24792,"href":"https:\/\/haberbesiktas.tr\/index.php?rest_route=\/wp\/v2\/posts\/24788\/revisions\/24792"}],"wp:featuredmedia":[{"embeddable":true,"href":"https:\/\/haberbesiktas.tr\/index.php?rest_route=\/wp\/v2\/media\/24789"}],"wp:attachment":[{"href":"https:\/\/haberbesiktas.tr\/index.php?rest_route=%2Fwp%2Fv2%2Fmedia&parent=24788"}],"wp:term":[{"taxonomy":"category","embeddable":true,"href":"https:\/\/haberbesiktas.tr\/index.php?rest_route=%2Fwp%2Fv2%2Fcategories&post=24788"},{"taxonomy":"post_tag","embeddable":true,"href":"https:\/\/haberbesiktas.tr\/index.php?rest_route=%2Fwp%2Fv2%2Ftags&post=24788"}],"curies":[{"name":"wp","href":"https:\/\/api.w.org\/{rel}","templated":true}]}}