{"id":24797,"date":"2025-04-29T11:12:16","date_gmt":"2025-04-29T11:12:16","guid":{"rendered":"https:\/\/haberbesiktas.tr\/?p=24797"},"modified":"2025-04-29T11:12:16","modified_gmt":"2025-04-29T11:12:16","slug":"okan-buruk-kasimpasada-tribunde","status":"publish","type":"post","link":"https:\/\/haberbesiktas.tr\/?p=24797","title":{"rendered":"Okan Buruk, Kas\u0131mpa\u015fa&#8217;da trib\u00fcnde!"},"content":{"rendered":"<div>Galatasaray Teknik Y\u00f6neticisi Okan Buruk, cezas\u0131 nedeniyle Kas\u0131mpa\u015fa ma\u00e7\u0131nda saha kenar\u0131nda kadrosunun ba\u015f\u0131nda yer alamad\u0131.<\/p>\n<p> Ligin 25. haftas\u0131ndaki Fenerbah\u00e7e derbisinden sonra T\u00fcrkiye Futbol Federasyonu (TFF) Profesyonel Futbol Disiplin Konseyinin (PFDK) 1 ma\u00e7 ceza verdi\u011fi deneyimli teknik adam, soyunma odas\u0131 ve yedek kul\u00fcbesine giremedi.<\/p>\n<p> Sar\u0131-k\u0131rm\u0131z\u0131l\u0131 grubu Kas\u0131mpa\u015fa kar\u015f\u0131la\u015fmas\u0131nda saha kenar\u0131ndan Buruk&#8217;un yard\u0131mc\u0131s\u0131 \u0130rfan Saralo\u011flu y\u00f6netti.<\/p>\n<p> Cezas\u0131n\u0131 Kas\u0131mpa\u015fa ma\u00e7\u0131nda \u00e7eken Okan Buruk, 27. haftadaki Corendon Alanyaspor kar\u015f\u0131la\u015fmas\u0131nda kadronun ba\u015f\u0131na d\u00f6necek.<\/p>\n<\/div>\n","protected":false},"excerpt":{"rendered":"<p>Galatasaray Teknik Y\u00f6neticisi Okan Buruk, cezas\u0131 nedeniyle Kas\u0131mpa\u015fa ma\u00e7\u0131n\u0131 trib\u00fcnden takip etti.<\/p>\n","protected":false},"author":1,"featured_media":24798,"comment_status":"open","ping_status":"open","sticky":false,"template":"","format":"standard","meta":{"footnotes":""},"categories":[25],"tags":[],"class_list":["post-24797","post","type-post","status-publish","format-standard","has-post-thumbnail","hentry","category-futbol"],"_links":{"self":[{"href":"https:\/\/haberbesiktas.tr\/index.php?rest_route=\/wp\/v2\/posts\/24797","targetHints":{"allow":["GET"]}}],"collection":[{"href":"https:\/\/haberbesiktas.tr\/index.php?rest_route=\/wp\/v2\/posts"}],"about":[{"href":"https:\/\/haberbesiktas.tr\/index.php?rest_route=\/wp\/v2\/types\/post"}],"author":[{"embeddable":true,"href":"https:\/\/haberbesiktas.tr\/index.php?rest_route=\/wp\/v2\/users\/1"}],"replies":[{"embeddable":true,"href":"https:\/\/haberbesiktas.tr\/index.php?rest_route=%2Fwp%2Fv2%2Fcomments&post=24797"}],"version-history":[{"count":1,"href":"https:\/\/haberbesiktas.tr\/index.php?rest_route=\/wp\/v2\/posts\/24797\/revisions"}],"predecessor-version":[{"id":24799,"href":"https:\/\/haberbesiktas.tr\/index.php?rest_route=\/wp\/v2\/posts\/24797\/revisions\/24799"}],"wp:featuredmedia":[{"embeddable":true,"href":"https:\/\/haberbesiktas.tr\/index.php?rest_route=\/wp\/v2\/media\/24798"}],"wp:attachment":[{"href":"https:\/\/haberbesiktas.tr\/index.php?rest_route=%2Fwp%2Fv2%2Fmedia&parent=24797"}],"wp:term":[{"taxonomy":"category","embeddable":true,"href":"https:\/\/haberbesiktas.tr\/index.php?rest_route=%2Fwp%2Fv2%2Fcategories&post=24797"},{"taxonomy":"post_tag","embeddable":true,"href":"https:\/\/haberbesiktas.tr\/index.php?rest_route=%2Fwp%2Fv2%2Ftags&post=24797"}],"curies":[{"name":"wp","href":"https:\/\/api.w.org\/{rel}","templated":true}]}}