{"id":24800,"date":"2025-04-29T11:24:18","date_gmt":"2025-04-29T11:24:18","guid":{"rendered":"https:\/\/haberbesiktas.tr\/?p=24800"},"modified":"2025-04-29T11:24:18","modified_gmt":"2025-04-29T11:24:18","slug":"okan-buruktan-hakeme-buyuk-tepki","status":"publish","type":"post","link":"https:\/\/haberbesiktas.tr\/?p=24800","title":{"rendered":"Okan Buruk&#8217;tan hakeme b\u00fcy\u00fck tepki!"},"content":{"rendered":"<div>Galatasaray Teknik Y\u00f6neticisi Okan Buruk, cezas\u0131 nedeniyle Kas\u0131mpa\u015fa ma\u00e7\u0131n\u0131 trib\u00fcnden takip etti.<\/p>\n<p> Okan Buruk, 6. dakikada Yasin \u00d6zcan ile Bar\u0131\u015f Alper Y\u0131lmaz ortas\u0131nda ya\u015fanan konumda Yasin \u00d6zcan&#8217;a sar\u0131 kart \u00e7\u0131kmamas\u0131n\u0131n akabinde hakem Cihan Ayd\u0131n&#8217;a b\u00fcy\u00fck reaksiyon g\u00f6sterdi.<\/p>\n<p> Yasin \u00d6zcan, m\u00fcsabakan\u0131n birinci dakikas\u0131nda Victor Osimhen&#8217;e yapt\u0131\u011f\u0131 faul\u00fcn akabinde sar\u0131 kart g\u00f6rm\u00fc\u015ft\u00fc.<\/p>\n<p> Yasin&#8217;e ikinci sar\u0131 kart \u00e7\u0131kmamas\u0131na b\u00fcy\u00fck reaksiyon g\u00f6steren Okan Buruk, trib\u00fcnde oturdu\u011fu yerden kalkarak hakem Cihan Ayd\u0131n&#8217;a reaksiyonda bulundu.<\/p>\n<p><img decoding=\"async\" src=\"https:\/\/haberbesiktas.tr\/wp-content\/uploads\/2025\/04\/okan-buruktan-hakeme-buyuk-tepki-0-acdRuT6b.jpg\"\/><\/p>\n<p><img decoding=\"async\" src=\"https:\/\/haberbesiktas.tr\/wp-content\/uploads\/2025\/04\/okan-buruktan-hakeme-buyuk-tepki-1-TWvlxmRF.jpg\"\/><\/p>\n<\/div>\n","protected":false},"excerpt":{"rendered":"<p>Galatasaray Teknik Y\u00f6neticisi Okan Buruk, Kas\u0131mpa\u015fa ma\u00e7\u0131nda hakem Cihan Ayd\u0131n&#8217;a b\u00fcy\u00fck reaksiyon g\u00f6sterdi.<\/p>\n","protected":false},"author":1,"featured_media":24801,"comment_status":"open","ping_status":"open","sticky":false,"template":"","format":"standard","meta":{"footnotes":""},"categories":[25],"tags":[],"class_list":["post-24800","post","type-post","status-publish","format-standard","has-post-thumbnail","hentry","category-futbol"],"_links":{"self":[{"href":"https:\/\/haberbesiktas.tr\/index.php?rest_route=\/wp\/v2\/posts\/24800","targetHints":{"allow":["GET"]}}],"collection":[{"href":"https:\/\/haberbesiktas.tr\/index.php?rest_route=\/wp\/v2\/posts"}],"about":[{"href":"https:\/\/haberbesiktas.tr\/index.php?rest_route=\/wp\/v2\/types\/post"}],"author":[{"embeddable":true,"href":"https:\/\/haberbesiktas.tr\/index.php?rest_route=\/wp\/v2\/users\/1"}],"replies":[{"embeddable":true,"href":"https:\/\/haberbesiktas.tr\/index.php?rest_route=%2Fwp%2Fv2%2Fcomments&post=24800"}],"version-history":[{"count":1,"href":"https:\/\/haberbesiktas.tr\/index.php?rest_route=\/wp\/v2\/posts\/24800\/revisions"}],"predecessor-version":[{"id":24804,"href":"https:\/\/haberbesiktas.tr\/index.php?rest_route=\/wp\/v2\/posts\/24800\/revisions\/24804"}],"wp:featuredmedia":[{"embeddable":true,"href":"https:\/\/haberbesiktas.tr\/index.php?rest_route=\/wp\/v2\/media\/24801"}],"wp:attachment":[{"href":"https:\/\/haberbesiktas.tr\/index.php?rest_route=%2Fwp%2Fv2%2Fmedia&parent=24800"}],"wp:term":[{"taxonomy":"category","embeddable":true,"href":"https:\/\/haberbesiktas.tr\/index.php?rest_route=%2Fwp%2Fv2%2Fcategories&post=24800"},{"taxonomy":"post_tag","embeddable":true,"href":"https:\/\/haberbesiktas.tr\/index.php?rest_route=%2Fwp%2Fv2%2Ftags&post=24800"}],"curies":[{"name":"wp","href":"https:\/\/api.w.org\/{rel}","templated":true}]}}