{"id":24805,"date":"2025-04-29T11:36:14","date_gmt":"2025-04-29T11:36:14","guid":{"rendered":"https:\/\/haberbesiktas.tr\/?p=24805"},"modified":"2025-04-29T11:36:14","modified_gmt":"2025-04-29T11:36:14","slug":"galatasaraya-cicekli-karsilama","status":"publish","type":"post","link":"https:\/\/haberbesiktas.tr\/?p=24805","title":{"rendered":"Galatasaray&#8217;a \u00e7i\u00e7ekli kar\u015f\u0131lama!"},"content":{"rendered":"<div>S\u00fcper Lig&#8217;in 26. haftas\u0131nda Kas\u0131mpa\u015fa, Galatasaray&#8217;\u0131 konuk etti.<\/p>\n<p> Kas\u0131mpa\u015fa Kul\u00fcb\u00fc, konuk ettikleri Galatasaray&#8217;a \u00e7i\u00e7ek verdi.<\/p>\n<p> Lacivert-beyazl\u0131 kul\u00fcb\u00fcn lider vekili Orhan Y\u00fcksel, protokol trib\u00fcn\u00fcnde sar\u0131-k\u0131rm\u0131z\u0131l\u0131 kul\u00fcb\u00fcn ikinci ba\u015fkan\u0131 Metin \u00d6zt\u00fcrk&#8217;e \u00e7i\u00e7ek takdim etti.<\/p>\n<\/div>\n","protected":false},"excerpt":{"rendered":"<p>Kas\u0131mpa\u015fa, konuk etti\u011fi Galatasaray&#8217;\u0131 \u00e7i\u00e7ekle kar\u015f\u0131lad\u0131. \u0130\u015fte detaylar&#8230;<\/p>\n","protected":false},"author":1,"featured_media":24806,"comment_status":"open","ping_status":"open","sticky":false,"template":"","format":"standard","meta":{"footnotes":""},"categories":[25],"tags":[],"class_list":["post-24805","post","type-post","status-publish","format-standard","has-post-thumbnail","hentry","category-futbol"],"_links":{"self":[{"href":"https:\/\/haberbesiktas.tr\/index.php?rest_route=\/wp\/v2\/posts\/24805","targetHints":{"allow":["GET"]}}],"collection":[{"href":"https:\/\/haberbesiktas.tr\/index.php?rest_route=\/wp\/v2\/posts"}],"about":[{"href":"https:\/\/haberbesiktas.tr\/index.php?rest_route=\/wp\/v2\/types\/post"}],"author":[{"embeddable":true,"href":"https:\/\/haberbesiktas.tr\/index.php?rest_route=\/wp\/v2\/users\/1"}],"replies":[{"embeddable":true,"href":"https:\/\/haberbesiktas.tr\/index.php?rest_route=%2Fwp%2Fv2%2Fcomments&post=24805"}],"version-history":[{"count":1,"href":"https:\/\/haberbesiktas.tr\/index.php?rest_route=\/wp\/v2\/posts\/24805\/revisions"}],"predecessor-version":[{"id":24807,"href":"https:\/\/haberbesiktas.tr\/index.php?rest_route=\/wp\/v2\/posts\/24805\/revisions\/24807"}],"wp:featuredmedia":[{"embeddable":true,"href":"https:\/\/haberbesiktas.tr\/index.php?rest_route=\/wp\/v2\/media\/24806"}],"wp:attachment":[{"href":"https:\/\/haberbesiktas.tr\/index.php?rest_route=%2Fwp%2Fv2%2Fmedia&parent=24805"}],"wp:term":[{"taxonomy":"category","embeddable":true,"href":"https:\/\/haberbesiktas.tr\/index.php?rest_route=%2Fwp%2Fv2%2Fcategories&post=24805"},{"taxonomy":"post_tag","embeddable":true,"href":"https:\/\/haberbesiktas.tr\/index.php?rest_route=%2Fwp%2Fv2%2Ftags&post=24805"}],"curies":[{"name":"wp","href":"https:\/\/api.w.org\/{rel}","templated":true}]}}