{"id":24829,"date":"2025-04-29T13:12:16","date_gmt":"2025-04-29T13:12:16","guid":{"rendered":"https:\/\/haberbesiktas.tr\/?p=24829"},"modified":"2025-04-29T13:12:16","modified_gmt":"2025-04-29T13:12:16","slug":"mustafa-gursel-hedefimize-gitmek-istiyorsak-istikrarli-olmamiz-lazim","status":"publish","type":"post","link":"https:\/\/haberbesiktas.tr\/?p=24829","title":{"rendered":"Mustafa G\u00fcrsel: &#8220;Hedefimize gitmek istiyorsak istikrarl\u0131 olmam\u0131z laz\u0131m&#8221;"},"content":{"rendered":"<div>Trendyol 1. Lig&#8217;in 27. haftas\u0131nda konuk etti\u011fi Central Hospital \u00dcmraniyespor&#8217;u 2-0 yenen Teks\u00fct Band\u0131rmaspor&#8217;da teknik y\u00f6netici Mustafa G\u00fcrsel, &#8220;Hedefimize gitmek istiyorsak istikrarl\u0131 olmam\u0131z laz\u0131m.&#8221; dedi.<\/p>\n<p> G\u00fcrsel, ma\u00e7\u0131n\u00a0ard\u0131ndan\u00a0d\u00fczenlenen bas\u0131n toplant\u0131s\u0131nda yapt\u0131\u011f\u0131 a\u00e7\u0131klamada, kazand\u0131klar\u0131 i\u00e7in memnun olduklar\u0131n\u0131 s\u00f6yledi.<\/p>\n<p> Bu d\u00f6nemin kendileri a\u00e7\u0131s\u0131ndan farkl\u0131 ilerledi\u011fini belirten G\u00fcrsel, s\u00f6yle konu\u015ftu:<\/p>\n<p> <strong>&#8220;12 haftal\u0131k d\u00fczg\u00fcn ilerledi\u011fimiz bir devrimiz oldu, daha sonra d\u00fc\u015f\u00fc\u015fe ge\u00e7ti\u011fimiz bir s\u00fcre\u00e7 oldu. Galibiyet ve yenilgilerle ge\u00e7irdi\u011fimiz haftalarda ini\u015fli \u00e7\u0131k\u0131\u015fl\u0131 performanslar\u0131m\u0131z oldu. Gayemize gitmek istiyorsak istikrarl\u0131 olmam\u0131z laz\u0131m. Son devirde bunu yakalayamad\u0131k, bug\u00fcn kazand\u0131k, in\u015fallah istikrar\u0131 yakalay\u0131p devam ettirmek istiyoruz. Bug\u00fcn rakibimizin dizili\u015fini biliyorduk, ona nazaran \u00e7al\u0131\u015fm\u0131\u015ft\u0131k. Oyunun denetimi birinci yar\u0131 boyunca bizdeydi. Rakibimize pek oynama f\u0131rsat\u0131 vermedik ve \u00f6ne ge\u00e7tik. Ge\u00e7en haftaki olumsuz sonucu \u00fczerimizden atma manas\u0131nda birinci gol de\u011ferliydi. \u0130kinci yar\u0131 daha denetimli oynad\u0131k ve gol\u00fc bulduktan sonra ma\u00e7\u0131 bitirmek i\u00e7in oynad\u0131k. Kazand\u0131\u011f\u0131m\u0131z i\u00e7in memnunuz.&#8221;<\/strong><\/p>\n<\/div>\n","protected":false},"excerpt":{"rendered":"<p>Trendyol 1. Lig&#8217;in 27. haftas\u0131nda konuk etti\u011fi Central Hospital \u00dcmraniyespor&#8217;u 2-0 yenen Teks\u00fct Band\u0131rmaspor&#8217;da teknik y\u00f6netici Mustafa G\u00fcrsel a\u00e7\u0131klamalarda bulundu.<\/p>\n","protected":false},"author":1,"featured_media":24830,"comment_status":"open","ping_status":"open","sticky":false,"template":"","format":"standard","meta":{"footnotes":""},"categories":[25],"tags":[],"class_list":["post-24829","post","type-post","status-publish","format-standard","has-post-thumbnail","hentry","category-futbol"],"_links":{"self":[{"href":"https:\/\/haberbesiktas.tr\/index.php?rest_route=\/wp\/v2\/posts\/24829","targetHints":{"allow":["GET"]}}],"collection":[{"href":"https:\/\/haberbesiktas.tr\/index.php?rest_route=\/wp\/v2\/posts"}],"about":[{"href":"https:\/\/haberbesiktas.tr\/index.php?rest_route=\/wp\/v2\/types\/post"}],"author":[{"embeddable":true,"href":"https:\/\/haberbesiktas.tr\/index.php?rest_route=\/wp\/v2\/users\/1"}],"replies":[{"embeddable":true,"href":"https:\/\/haberbesiktas.tr\/index.php?rest_route=%2Fwp%2Fv2%2Fcomments&post=24829"}],"version-history":[{"count":1,"href":"https:\/\/haberbesiktas.tr\/index.php?rest_route=\/wp\/v2\/posts\/24829\/revisions"}],"predecessor-version":[{"id":24831,"href":"https:\/\/haberbesiktas.tr\/index.php?rest_route=\/wp\/v2\/posts\/24829\/revisions\/24831"}],"wp:featuredmedia":[{"embeddable":true,"href":"https:\/\/haberbesiktas.tr\/index.php?rest_route=\/wp\/v2\/media\/24830"}],"wp:attachment":[{"href":"https:\/\/haberbesiktas.tr\/index.php?rest_route=%2Fwp%2Fv2%2Fmedia&parent=24829"}],"wp:term":[{"taxonomy":"category","embeddable":true,"href":"https:\/\/haberbesiktas.tr\/index.php?rest_route=%2Fwp%2Fv2%2Fcategories&post=24829"},{"taxonomy":"post_tag","embeddable":true,"href":"https:\/\/haberbesiktas.tr\/index.php?rest_route=%2Fwp%2Fv2%2Ftags&post=24829"}],"curies":[{"name":"wp","href":"https:\/\/api.w.org\/{rel}","templated":true}]}}