{"id":24838,"date":"2025-04-29T13:48:15","date_gmt":"2025-04-29T13:48:15","guid":{"rendered":"https:\/\/haberbesiktas.tr\/?p=24838"},"modified":"2025-04-29T13:48:15","modified_gmt":"2025-04-29T13:48:15","slug":"sami-ugurlu-degisiklik-sansimiz-yoktu","status":"publish","type":"post","link":"https:\/\/haberbesiktas.tr\/?p=24838","title":{"rendered":"Sami U\u011furlu: &#8220;De\u011fi\u015fiklik \u015fans\u0131m\u0131z yoktu&#8221;"},"content":{"rendered":"<div>Alanyaspor Teknik Y\u00f6neticisi Sami U\u011furlu, ligde Rizespor deplasman\u0131nda ald\u0131klar\u0131 3-1&#8217;lik yenilgiyi k\u0131ymetlendirdi.<\/p>\n<p> U\u011furlu, ma\u00e7ta iki grubun da oyunu denetim etmeye \u00e7al\u0131\u015ft\u0131\u011f\u0131n\u0131 s\u00f6yledi.<\/p>\n<p> Bilhassa alan savunmalar\u0131n\u0131n yeterli yap\u0131ld\u0131\u011f\u0131 bir birinci 45 dakika oynand\u0131\u011f\u0131n\u0131 belirten U\u011furlu, \u015f\u00f6yle devam etti:<\/p>\n<p> &#8220;\u0130kinci yar\u0131da Ghezzal&#8217;\u0131n att\u0131\u011f\u0131 hakikaten ola\u011fan\u00fcst\u00fc ve ekstra bir golle ma\u00e7\u0131n seyri de\u011fi\u015fti. Sonras\u0131nda gelen penalt\u0131 gol\u00fcyle e\u015fitlik sa\u011flad\u0131k. Daha sonra oyuncularda yava\u015f yava\u015f d\u00fc\u015f\u00fc\u015fler ba\u015flad\u0131. Oyuncu de\u011fi\u015fikli\u011fi yap\u0131p oyunu tutmak gerekiyordu fakat bizim o denli bir baht\u0131m\u0131z yoktu. De\u011fi\u015fiklik yapmadan devam etmek zorundayd\u0131k. Biz de bunu yapt\u0131k. \u0130kinci gol\u00fc de Ghezzal&#8217;\u0131n yapm\u0131\u015f oldu\u011fu harikulade bir asistle yedik. \u00d6te yandan \u00c7aykur Rizespor&#8217;a bakt\u0131\u011f\u0131m\u0131zda Berkay \u00d6zcan, Zeki ve son dakikalarda Abd\u00fclkadir \u00d6m\u00fcr \u00fczere isimleri oyuna dahil eden bir ekip ile oyuncu de\u011fi\u015ftiremeyen bir grup vard\u0131.&#8221;<\/p>\n<p> U\u011furlu, ma\u00e7lar\u0131n devam etti\u011fini aktararak, &#8220;Bizim bir an evvel alt s\u0131ralardan kurtulmam\u0131z gerekiyor. D\u00fc\u015fme s\u0131n\u0131r\u0131yla ortam\u0131zda 7 puanl\u0131k bir fark var. Bu, \u00e7ok b\u00fcy\u00fck bir puan fark\u0131 de\u011fil. Bir an evvel bu a\u00e7\u0131\u011f\u0131 kapatmak gerekiyor. Her ma\u00e7 g\u00fc\u00e7. Her ma\u00e7ta kazanabilece\u011fimiz \u00fc\u00e7 puan var. Bundan sonraki ma\u00e7lar bizim i\u00e7in daha g\u00fc\u00e7 ve kritik. Ekip olarak gol bulmaya \u00e7al\u0131\u015f\u0131yoruz. Vakit zaman g\u00fc\u00e7 gol atan bir kadroyuz.&#8221; de\u011ferlendirmesinde bulundu.<\/p>\n<\/div>\n","protected":false},"excerpt":{"rendered":"<p>Alanyaspor Teknik Y\u00f6neticisi Sami U\u011furlu, Rizespor ma\u00e7\u0131n\u0131n akabinde a\u00e7\u0131klamalarda bulundu.<\/p>\n","protected":false},"author":1,"featured_media":24839,"comment_status":"open","ping_status":"open","sticky":false,"template":"","format":"standard","meta":{"footnotes":""},"categories":[25],"tags":[77,50,52],"class_list":["post-24838","post","type-post","status-publish","format-standard","has-post-thumbnail","hentry","category-futbol","tag-gol","tag-mac","tag-takim"],"_links":{"self":[{"href":"https:\/\/haberbesiktas.tr\/index.php?rest_route=\/wp\/v2\/posts\/24838","targetHints":{"allow":["GET"]}}],"collection":[{"href":"https:\/\/haberbesiktas.tr\/index.php?rest_route=\/wp\/v2\/posts"}],"about":[{"href":"https:\/\/haberbesiktas.tr\/index.php?rest_route=\/wp\/v2\/types\/post"}],"author":[{"embeddable":true,"href":"https:\/\/haberbesiktas.tr\/index.php?rest_route=\/wp\/v2\/users\/1"}],"replies":[{"embeddable":true,"href":"https:\/\/haberbesiktas.tr\/index.php?rest_route=%2Fwp%2Fv2%2Fcomments&post=24838"}],"version-history":[{"count":1,"href":"https:\/\/haberbesiktas.tr\/index.php?rest_route=\/wp\/v2\/posts\/24838\/revisions"}],"predecessor-version":[{"id":24840,"href":"https:\/\/haberbesiktas.tr\/index.php?rest_route=\/wp\/v2\/posts\/24838\/revisions\/24840"}],"wp:featuredmedia":[{"embeddable":true,"href":"https:\/\/haberbesiktas.tr\/index.php?rest_route=\/wp\/v2\/media\/24839"}],"wp:attachment":[{"href":"https:\/\/haberbesiktas.tr\/index.php?rest_route=%2Fwp%2Fv2%2Fmedia&parent=24838"}],"wp:term":[{"taxonomy":"category","embeddable":true,"href":"https:\/\/haberbesiktas.tr\/index.php?rest_route=%2Fwp%2Fv2%2Fcategories&post=24838"},{"taxonomy":"post_tag","embeddable":true,"href":"https:\/\/haberbesiktas.tr\/index.php?rest_route=%2Fwp%2Fv2%2Ftags&post=24838"}],"curies":[{"name":"wp","href":"https:\/\/api.w.org\/{rel}","templated":true}]}}