{"id":24941,"date":"2025-04-29T20:00:23","date_gmt":"2025-04-29T20:00:23","guid":{"rendered":"https:\/\/haberbesiktas.tr\/?p=24941"},"modified":"2025-04-29T20:00:23","modified_gmt":"2025-04-29T20:00:23","slug":"fenerbahce-tribunlerinden-mourinhoya-destek","status":"publish","type":"post","link":"https:\/\/haberbesiktas.tr\/?p=24941","title":{"rendered":"Fenerbah\u00e7e trib\u00fcnlerinden Mourinho&#8217;ya destek!"},"content":{"rendered":"<div>Fenerbah\u00e7e trib\u00fcnleri, teknik y\u00f6netici Jose Mourinho&#8217;ya dayanak verdi.<\/p>\n<p> Sar\u0131-lacivertli taraftarlar, Antalyaspor ma\u00e7\u0131nda Portekizli teknik adam i\u00e7in, &#8220;We stand with you (Yan\u0131nday\u0131z)&#8221; pankart\u0131 a\u00e7t\u0131.<\/p>\n<p> Fenerbah\u00e7e Teknik Y\u00f6neticisi Jose Mourinho, Galatasaray derbisinin akabinde 4 ma\u00e7 ceza alm\u0131\u015f, daha sonra Tahkim Kurulu bu cezay\u0131 2 ma\u00e7a d\u00fc\u015f\u00fcrm\u00fc\u015ft\u00fc.<\/p>\n<p><img decoding=\"async\" src=\"https:\/\/haberbesiktas.tr\/wp-content\/uploads\/2025\/04\/fenerbahce-tribunlerinden-mourinhoya-destek-0-FDecIh9s.jpg\"\/><\/p>\n<p><img decoding=\"async\" src=\"https:\/\/haberbesiktas.tr\/wp-content\/uploads\/2025\/04\/fenerbahce-tribunlerinden-mourinhoya-destek-1-924IZ6t3.jpg\"\/><\/p>\n<\/div>\n","protected":false},"excerpt":{"rendered":"<p>Fenerbah\u00e7e trib\u00fcnleri, Galatasaray ma\u00e7\u0131n\u0131n akabinde ceza alan teknik y\u00f6netici Jose Mourinho, &#8220;Yan\u0131nday\u0131z&#8221; pankart\u0131yla dayanak verdi.<\/p>\n","protected":false},"author":1,"featured_media":24942,"comment_status":"open","ping_status":"open","sticky":false,"template":"","format":"standard","meta":{"footnotes":""},"categories":[25],"tags":[],"class_list":["post-24941","post","type-post","status-publish","format-standard","has-post-thumbnail","hentry","category-futbol"],"_links":{"self":[{"href":"https:\/\/haberbesiktas.tr\/index.php?rest_route=\/wp\/v2\/posts\/24941","targetHints":{"allow":["GET"]}}],"collection":[{"href":"https:\/\/haberbesiktas.tr\/index.php?rest_route=\/wp\/v2\/posts"}],"about":[{"href":"https:\/\/haberbesiktas.tr\/index.php?rest_route=\/wp\/v2\/types\/post"}],"author":[{"embeddable":true,"href":"https:\/\/haberbesiktas.tr\/index.php?rest_route=\/wp\/v2\/users\/1"}],"replies":[{"embeddable":true,"href":"https:\/\/haberbesiktas.tr\/index.php?rest_route=%2Fwp%2Fv2%2Fcomments&post=24941"}],"version-history":[{"count":1,"href":"https:\/\/haberbesiktas.tr\/index.php?rest_route=\/wp\/v2\/posts\/24941\/revisions"}],"predecessor-version":[{"id":24945,"href":"https:\/\/haberbesiktas.tr\/index.php?rest_route=\/wp\/v2\/posts\/24941\/revisions\/24945"}],"wp:featuredmedia":[{"embeddable":true,"href":"https:\/\/haberbesiktas.tr\/index.php?rest_route=\/wp\/v2\/media\/24942"}],"wp:attachment":[{"href":"https:\/\/haberbesiktas.tr\/index.php?rest_route=%2Fwp%2Fv2%2Fmedia&parent=24941"}],"wp:term":[{"taxonomy":"category","embeddable":true,"href":"https:\/\/haberbesiktas.tr\/index.php?rest_route=%2Fwp%2Fv2%2Fcategories&post=24941"},{"taxonomy":"post_tag","embeddable":true,"href":"https:\/\/haberbesiktas.tr\/index.php?rest_route=%2Fwp%2Fv2%2Ftags&post=24941"}],"curies":[{"name":"wp","href":"https:\/\/api.w.org\/{rel}","templated":true}]}}