{"id":24949,"date":"2025-04-29T20:24:14","date_gmt":"2025-04-29T20:24:14","guid":{"rendered":"https:\/\/haberbesiktas.tr\/?p=24949"},"modified":"2025-04-29T20:24:14","modified_gmt":"2025-04-29T20:24:14","slug":"youssef-en-nesyri-atmaya-devam-ediyor","status":"publish","type":"post","link":"https:\/\/haberbesiktas.tr\/?p=24949","title":{"rendered":"Youssef En-Nesyri, atmaya devam ediyor!"},"content":{"rendered":"<div>Fenerbah\u00e7e formas\u0131 giyen Youssef En-Nesyri, son haftalardaki y\u00fcksek form grafi\u011fini Antalyaspor ma\u00e7\u0131nda da s\u00fcrd\u00fcrd\u00fc.<\/p>\n<p> Fasl\u0131 futbolcu, Antalyaspor kar\u015f\u0131s\u0131nda 30. dakikada fileleri havaland\u0131rd\u0131.<\/p>\n<p> Youssef En-Nesyri, S\u00fcper Lig&#8217;de son 10 ma\u00e7ta 13. kere a\u011flar\u0131 havaland\u0131rd\u0131.<\/p>\n<p> En-Nesyri, Antalyaspor ma\u00e7\u0131ndaki gol\u00fcyle birlikte ligde 16, toplamda ise 26 gole ula\u015ft\u0131.<\/p>\n<p> <strong>ALEX&#8217;TEN SONRA EN-NESYRI<\/strong><\/p>\n<p> Youssef En-Nesyri, ayr\u0131ca S\u00fcper Lig&#8217;de Alex de Souza&#8217;dan (2006) bu yana \u00fcst \u00fcste alt\u0131 i\u00e7 saha ma\u00e7\u0131nda gol atan birinci Fenerbah\u00e7e oyuncusu oldu.<\/p>\n<\/div>\n","protected":false},"excerpt":{"rendered":"<p>Fenerbah\u00e7e formas\u0131 giyen Youssef En-Nesyri, Antalyaspor ma\u00e7\u0131ndaki gol\u00fcyle birlikte bu d\u00f6nem 26 gole ula\u015ft\u0131.<\/p>\n","protected":false},"author":1,"featured_media":24950,"comment_status":"open","ping_status":"open","sticky":false,"template":"","format":"standard","meta":{"footnotes":""},"categories":[25],"tags":[],"class_list":["post-24949","post","type-post","status-publish","format-standard","has-post-thumbnail","hentry","category-futbol"],"_links":{"self":[{"href":"https:\/\/haberbesiktas.tr\/index.php?rest_route=\/wp\/v2\/posts\/24949","targetHints":{"allow":["GET"]}}],"collection":[{"href":"https:\/\/haberbesiktas.tr\/index.php?rest_route=\/wp\/v2\/posts"}],"about":[{"href":"https:\/\/haberbesiktas.tr\/index.php?rest_route=\/wp\/v2\/types\/post"}],"author":[{"embeddable":true,"href":"https:\/\/haberbesiktas.tr\/index.php?rest_route=\/wp\/v2\/users\/1"}],"replies":[{"embeddable":true,"href":"https:\/\/haberbesiktas.tr\/index.php?rest_route=%2Fwp%2Fv2%2Fcomments&post=24949"}],"version-history":[{"count":1,"href":"https:\/\/haberbesiktas.tr\/index.php?rest_route=\/wp\/v2\/posts\/24949\/revisions"}],"predecessor-version":[{"id":24951,"href":"https:\/\/haberbesiktas.tr\/index.php?rest_route=\/wp\/v2\/posts\/24949\/revisions\/24951"}],"wp:featuredmedia":[{"embeddable":true,"href":"https:\/\/haberbesiktas.tr\/index.php?rest_route=\/wp\/v2\/media\/24950"}],"wp:attachment":[{"href":"https:\/\/haberbesiktas.tr\/index.php?rest_route=%2Fwp%2Fv2%2Fmedia&parent=24949"}],"wp:term":[{"taxonomy":"category","embeddable":true,"href":"https:\/\/haberbesiktas.tr\/index.php?rest_route=%2Fwp%2Fv2%2Fcategories&post=24949"},{"taxonomy":"post_tag","embeddable":true,"href":"https:\/\/haberbesiktas.tr\/index.php?rest_route=%2Fwp%2Fv2%2Ftags&post=24949"}],"curies":[{"name":"wp","href":"https:\/\/api.w.org\/{rel}","templated":true}]}}