{"id":24955,"date":"2025-04-29T20:48:13","date_gmt":"2025-04-29T20:48:13","guid":{"rendered":"https:\/\/haberbesiktas.tr\/?p=24955"},"modified":"2025-04-29T20:48:13","modified_gmt":"2025-04-29T20:48:13","slug":"fenerbahceden-dikkat-ceken-istatistik","status":"publish","type":"post","link":"https:\/\/haberbesiktas.tr\/?p=24955","title":{"rendered":"Fenerbah\u00e7e&#8217;den dikkat \u00e7eken istatistik!"},"content":{"rendered":"<div>S\u00fcper Lig&#8217;de alan\u0131nda Antalyaspor ile kar\u015f\u0131la\u015fan Fenerbah\u00e7e, dikkat \u00e7eken bir istatisti\u011fe imza att\u0131.<\/p>\n<p> Antalyaspor kar\u015f\u0131s\u0131nda birinci yar\u0131y\u0131 3-0 \u00f6nde tamamlayan Fenerbah\u00e7e, S\u00fcper Lig&#8217;de oynad\u0131\u011f\u0131 son 3 ma\u00e7\u0131n birinci yar\u0131lar\u0131nda rakiplerine isabetli \u015fut imkan\u0131 vermedi.<\/p>\n<p> Fenerbah\u00e7e, Antalyaspor&#8217;dan \u00f6nce ligde Kas\u0131mpa\u015fa ve Galatasaray ile kar\u015f\u0131la\u015fm\u0131\u015ft\u0131.<\/p>\n<\/div>\n","protected":false},"excerpt":{"rendered":"<p>Fenerbah\u00e7e, S\u00fcper Lig&#8217;de oynad\u0131\u011f\u0131 son 3 ma\u00e7\u0131n birinci yar\u0131lar\u0131nda rakiplerine isabetli \u015fut imkan\u0131 vermedi.<\/p>\n","protected":false},"author":1,"featured_media":24956,"comment_status":"open","ping_status":"open","sticky":false,"template":"","format":"standard","meta":{"footnotes":""},"categories":[25],"tags":[],"class_list":["post-24955","post","type-post","status-publish","format-standard","has-post-thumbnail","hentry","category-futbol"],"_links":{"self":[{"href":"https:\/\/haberbesiktas.tr\/index.php?rest_route=\/wp\/v2\/posts\/24955","targetHints":{"allow":["GET"]}}],"collection":[{"href":"https:\/\/haberbesiktas.tr\/index.php?rest_route=\/wp\/v2\/posts"}],"about":[{"href":"https:\/\/haberbesiktas.tr\/index.php?rest_route=\/wp\/v2\/types\/post"}],"author":[{"embeddable":true,"href":"https:\/\/haberbesiktas.tr\/index.php?rest_route=\/wp\/v2\/users\/1"}],"replies":[{"embeddable":true,"href":"https:\/\/haberbesiktas.tr\/index.php?rest_route=%2Fwp%2Fv2%2Fcomments&post=24955"}],"version-history":[{"count":1,"href":"https:\/\/haberbesiktas.tr\/index.php?rest_route=\/wp\/v2\/posts\/24955\/revisions"}],"predecessor-version":[{"id":24957,"href":"https:\/\/haberbesiktas.tr\/index.php?rest_route=\/wp\/v2\/posts\/24955\/revisions\/24957"}],"wp:featuredmedia":[{"embeddable":true,"href":"https:\/\/haberbesiktas.tr\/index.php?rest_route=\/wp\/v2\/media\/24956"}],"wp:attachment":[{"href":"https:\/\/haberbesiktas.tr\/index.php?rest_route=%2Fwp%2Fv2%2Fmedia&parent=24955"}],"wp:term":[{"taxonomy":"category","embeddable":true,"href":"https:\/\/haberbesiktas.tr\/index.php?rest_route=%2Fwp%2Fv2%2Fcategories&post=24955"},{"taxonomy":"post_tag","embeddable":true,"href":"https:\/\/haberbesiktas.tr\/index.php?rest_route=%2Fwp%2Fv2%2Ftags&post=24955"}],"curies":[{"name":"wp","href":"https:\/\/api.w.org\/{rel}","templated":true}]}}