{"id":24958,"date":"2025-04-29T21:00:16","date_gmt":"2025-04-29T21:00:16","guid":{"rendered":"https:\/\/haberbesiktas.tr\/?p=24958"},"modified":"2025-04-29T21:00:16","modified_gmt":"2025-04-29T21:00:16","slug":"milli-karateciler-balkan-sampiyonasinda-2-madalya-kazandi","status":"publish","type":"post","link":"https:\/\/haberbesiktas.tr\/?p=24958","title":{"rendered":"Milli karateciler, Balkan \u015eampiyonas\u0131&#8217;nda 2 madalya kazand\u0131"},"content":{"rendered":"<p>Balkan Karate \u015eampiyonas\u0131&#8217;nda gayret eden T\u00fcrk atletler, birer g\u00fcm\u00fc\u015f ve bronz madalya elde etti.\u00a0 T\u00fcrkiye Karate Federasyonunun a\u00e7\u0131klamas\u0131na nazaran, Karada\u011f&#8217;\u0131n Budva kentinde d\u00fczenlenen tertibin b\u00fcy\u00fckler kategorisinde 12 \u00fclkeden, 337 karateci yar\u0131\u015ft\u0131.<\/p>\n<p> Kadir Furkan Gen\u00e7, S\u00fcleyman Aydemir, Mert Hal\u0131c\u0131, Muhammet Halit Uluk\u00f6k, Ekrem Altuner Y\u0131lmaz ve Yunus Ferhat Demircan&#8217;dan olu\u015fan T\u00fcrkiye&#8217;nin erkek kumite grubu, Balkan 2&#8217;ncisi oldu.<\/p>\n<p> Z\u00fcmra Rezzan \u0130m de bayanlar kumite 55 kiloda bronz madalyay\u0131 boynuna takt\u0131.<\/p>\n<p> Veteranlar kategorisinde tatamiye \u00e7\u0131kan T\u00fcrk atletler ise 8 alt\u0131n, 2 g\u00fcm\u00fc\u015f ve 9 bronz madalya elde etti.<\/p>\n","protected":false},"excerpt":{"rendered":"<p>Balkan Karate \u015eampiyonas\u0131&#8217;nda \u00e7aba eden T\u00fcrk sportmenler, birer g\u00fcm\u00fc\u015f ve bronz madalya kazand\u0131.<\/p>\n","protected":false},"author":1,"featured_media":24959,"comment_status":"open","ping_status":"open","sticky":false,"template":"","format":"standard","meta":{"footnotes":""},"categories":[27],"tags":[],"class_list":["post-24958","post","type-post","status-publish","format-standard","has-post-thumbnail","hentry","category-guncel-haberler"],"_links":{"self":[{"href":"https:\/\/haberbesiktas.tr\/index.php?rest_route=\/wp\/v2\/posts\/24958","targetHints":{"allow":["GET"]}}],"collection":[{"href":"https:\/\/haberbesiktas.tr\/index.php?rest_route=\/wp\/v2\/posts"}],"about":[{"href":"https:\/\/haberbesiktas.tr\/index.php?rest_route=\/wp\/v2\/types\/post"}],"author":[{"embeddable":true,"href":"https:\/\/haberbesiktas.tr\/index.php?rest_route=\/wp\/v2\/users\/1"}],"replies":[{"embeddable":true,"href":"https:\/\/haberbesiktas.tr\/index.php?rest_route=%2Fwp%2Fv2%2Fcomments&post=24958"}],"version-history":[{"count":1,"href":"https:\/\/haberbesiktas.tr\/index.php?rest_route=\/wp\/v2\/posts\/24958\/revisions"}],"predecessor-version":[{"id":24960,"href":"https:\/\/haberbesiktas.tr\/index.php?rest_route=\/wp\/v2\/posts\/24958\/revisions\/24960"}],"wp:featuredmedia":[{"embeddable":true,"href":"https:\/\/haberbesiktas.tr\/index.php?rest_route=\/wp\/v2\/media\/24959"}],"wp:attachment":[{"href":"https:\/\/haberbesiktas.tr\/index.php?rest_route=%2Fwp%2Fv2%2Fmedia&parent=24958"}],"wp:term":[{"taxonomy":"category","embeddable":true,"href":"https:\/\/haberbesiktas.tr\/index.php?rest_route=%2Fwp%2Fv2%2Fcategories&post=24958"},{"taxonomy":"post_tag","embeddable":true,"href":"https:\/\/haberbesiktas.tr\/index.php?rest_route=%2Fwp%2Fv2%2Ftags&post=24958"}],"curies":[{"name":"wp","href":"https:\/\/api.w.org\/{rel}","templated":true}]}}