{"id":24967,"date":"2025-04-29T21:36:16","date_gmt":"2025-04-29T21:36:16","guid":{"rendered":"https:\/\/haberbesiktas.tr\/?p=24967"},"modified":"2025-04-29T21:36:16","modified_gmt":"2025-04-29T21:36:16","slug":"roma-ligde-seriye-bagladi","status":"publish","type":"post","link":"https:\/\/haberbesiktas.tr\/?p=24967","title":{"rendered":"Roma, ligde seriye ba\u011flad\u0131!"},"content":{"rendered":"<div>\u0130talya Serie A 27. haftas\u0131nda Roma, alan\u0131nda Como ile kar\u015f\u0131 kar\u015f\u0131ya geldi. Olimpico&#8217;daki ma\u00e7\u0131 Roma, 2-1&#8217;lik skorla kazand\u0131.<\/p>\n<p> Roma&#8217;ya galibiyeti getiren golleri 61. dakikada Alexis Saelemaekers ve 76. dakikada Artem Dovbyk att\u0131. Como&#8217;nun tek gol\u00fc 44. dakikada Lucas da Cunha&#8217;dan geldi.<\/p>\n<p> Como, Oliver Kempf&#8217;nin 63. dakikada k\u0131rm\u0131z\u0131 kart g\u00f6rmesinin akabinde \u00e7abay\u0131 10 ki\u015fi tamamlad\u0131.<\/p>\n<p> Roma&#8217;da m\u00fcsabakaya birinci 11&#8217;de ba\u015flayan ulusal futbolcu Zeki \u00c7elik, 74 dakika alanda kald\u0131. Zeki, kadrosunun att\u0131\u011f\u0131 birinci golde asisti yapan isim oldu.<\/p>\n<p> Bu galibiyetle birlikte ligde art geriye d\u00f6rd\u00fcnc\u00fc galibiyetini alan Roma, puan\u0131n\u0131 43&#8217;e y\u00fckseltti. Ligde iki ma\u00e7 sonra kaybeden Como, 28 puanda kald\u0131.<\/p>\n<p> Ligin bir sonraki haftas\u0131nda Roma, Empoli ile deplasmanda kar\u015f\u0131 kar\u015f\u0131ya gelecek. Como, alan\u0131nda Venezia&#8217;y\u0131 a\u011f\u0131rlayacak.<\/p>\n<\/div>\n","protected":false},"excerpt":{"rendered":"<p>\u0130talya Serie A&#8217;da Roma, alan\u0131nda Como&#8217;yu 2-1 ma\u011flup etti. Roma, ligde art geriye d\u00f6rd\u00fcnc\u00fc galibiyetini elde etti.<\/p>\n","protected":false},"author":1,"featured_media":24968,"comment_status":"open","ping_status":"open","sticky":false,"template":"","format":"standard","meta":{"footnotes":""},"categories":[25],"tags":[2148,109],"class_list":["post-24967","post","type-post","status-publish","format-standard","has-post-thumbnail","hentry","category-futbol","tag-como","tag-dakika"],"_links":{"self":[{"href":"https:\/\/haberbesiktas.tr\/index.php?rest_route=\/wp\/v2\/posts\/24967","targetHints":{"allow":["GET"]}}],"collection":[{"href":"https:\/\/haberbesiktas.tr\/index.php?rest_route=\/wp\/v2\/posts"}],"about":[{"href":"https:\/\/haberbesiktas.tr\/index.php?rest_route=\/wp\/v2\/types\/post"}],"author":[{"embeddable":true,"href":"https:\/\/haberbesiktas.tr\/index.php?rest_route=\/wp\/v2\/users\/1"}],"replies":[{"embeddable":true,"href":"https:\/\/haberbesiktas.tr\/index.php?rest_route=%2Fwp%2Fv2%2Fcomments&post=24967"}],"version-history":[{"count":1,"href":"https:\/\/haberbesiktas.tr\/index.php?rest_route=\/wp\/v2\/posts\/24967\/revisions"}],"predecessor-version":[{"id":24969,"href":"https:\/\/haberbesiktas.tr\/index.php?rest_route=\/wp\/v2\/posts\/24967\/revisions\/24969"}],"wp:featuredmedia":[{"embeddable":true,"href":"https:\/\/haberbesiktas.tr\/index.php?rest_route=\/wp\/v2\/media\/24968"}],"wp:attachment":[{"href":"https:\/\/haberbesiktas.tr\/index.php?rest_route=%2Fwp%2Fv2%2Fmedia&parent=24967"}],"wp:term":[{"taxonomy":"category","embeddable":true,"href":"https:\/\/haberbesiktas.tr\/index.php?rest_route=%2Fwp%2Fv2%2Fcategories&post=24967"},{"taxonomy":"post_tag","embeddable":true,"href":"https:\/\/haberbesiktas.tr\/index.php?rest_route=%2Fwp%2Fv2%2Ftags&post=24967"}],"curies":[{"name":"wp","href":"https:\/\/api.w.org\/{rel}","templated":true}]}}