{"id":25058,"date":"2025-04-30T03:24:13","date_gmt":"2025-04-30T03:24:13","guid":{"rendered":"https:\/\/haberbesiktas.tr\/?p=25058"},"modified":"2025-04-30T03:24:13","modified_gmt":"2025-04-30T03:24:13","slug":"cuesta-36-saniyede-sac-bas-yoldurdu","status":"publish","type":"post","link":"https:\/\/haberbesiktas.tr\/?p=25058","title":{"rendered":"Cuesta, 36 saniyede sa\u00e7 ba\u015f yoldurdu!"},"content":{"rendered":"<div>Ara transfer devrinde Galatasaray&#8217;\u0131n 8 milyon euro bonservisle renklerine ba\u011flad\u0131\u011f\u0131 Carlos Cuesta, Kas\u0131mpa\u015fa ma\u00e7\u0131naa damga vurdu.<\/p>\n<p> Taraftarlar\u0131n al\u0131nmas\u0131n\u0131 istemedi\u011fi ve b\u00fcy\u00fck reaksiyon g\u00f6sterdi\u011fi Kolombiyal\u0131 stoper, 80. dakikada Eren Elmal\u0131&#8217;n\u0131n yerine oyuna dahil oldu lakin yanl\u0131\u015flar\u0131yla sa\u00e7 ba\u015f yoldurdu. <\/p>\n<p> Girdi\u011fi birinci konumda markaj\u0131ndaki Can Kele\u015f&#8217;i ka\u00e7\u0131ran ve d\u00fc\u015f\u00fcren Cuesta, 36 saniye sonra penalt\u0131ya sebebiyet verdi ve Kas\u0131mpa\u015fa, 3-3 e\u015fitli\u011fi sa\u011flad\u0131. <\/p>\n<p> Uzatmalarla birlikte 20 dakika alanda kalan oyuncunun performans\u0131, taraftarlar\u0131n toplumsal medyadan b\u00fcy\u00fck reaksiyonunu \u00e7ekti. <\/p>\n<p> X&#8217;ten sar\u0131-k\u0131rm\u0131z\u0131l\u0131 futbolseverler, <strong>&#8220;Cuesta&#8217;y\u0131 alanda g\u00f6receksiniz demi\u015flerdi, g\u00f6rd\u00fck&#8221;<\/strong>,<strong> &#8220;Tarihin en mak\u00fbs transferi Cuesta&#8221;<\/strong>, <strong>&#8220;Nelsson&#8217;u g\u00f6nder, Cuesta al. Futbolcudan bu kadar anl\u0131yorlar&#8221;<\/strong>, <strong>&#8220;K\u00fclliyen zarar&#8221;<\/strong> diyerek \u00f6fkelerini tabir etti.<\/p>\n<p><strong>OTOB\u00dcSE B\u0130NMED\u0130LER<br \/><\/strong><br \/>Cuesta ma\u00e7 sonu kadro otob\u00fcs\u00fcne binmedi ve \u00f6zel ara\u00e7la stattan ayr\u0131ld\u0131. Kolombiyal\u0131 stoper \u00fczere Osimhen de \u00f6zel ara\u00e7la gitti.\u00a0\u00a0<\/p>\n<div>\u00a0<\/div>\n<p> \u00a0<\/p>\n<\/div>\n","protected":false},"excerpt":{"rendered":"<p>Galatasaray&#8217;da 80. dakikada oyuna giren Kolombiyal\u0131 stoper Carlos Cuesta, girdi\u011fi birinci konumda Kas\u0131mpa\u015fal\u0131 Can Kele\u015f&#8217;i d\u00fc\u015f\u00fcrerek 36 saniye sonra penalt\u0131ya sebebiyet verdi ve grubunu galibiyetten etti. Taraftarlar, &#8220;Tarihin en makus transferi&#8221; ve &#8220;K\u00fclliyen zarar&#8221; diyerek sitemde bulundu.<\/p>\n","protected":false},"author":1,"featured_media":25059,"comment_status":"open","ping_status":"open","sticky":false,"template":"","format":"standard","meta":{"footnotes":""},"categories":[25],"tags":[1648],"class_list":["post-25058","post","type-post","status-publish","format-standard","has-post-thumbnail","hentry","category-futbol","tag-cuesta"],"_links":{"self":[{"href":"https:\/\/haberbesiktas.tr\/index.php?rest_route=\/wp\/v2\/posts\/25058","targetHints":{"allow":["GET"]}}],"collection":[{"href":"https:\/\/haberbesiktas.tr\/index.php?rest_route=\/wp\/v2\/posts"}],"about":[{"href":"https:\/\/haberbesiktas.tr\/index.php?rest_route=\/wp\/v2\/types\/post"}],"author":[{"embeddable":true,"href":"https:\/\/haberbesiktas.tr\/index.php?rest_route=\/wp\/v2\/users\/1"}],"replies":[{"embeddable":true,"href":"https:\/\/haberbesiktas.tr\/index.php?rest_route=%2Fwp%2Fv2%2Fcomments&post=25058"}],"version-history":[{"count":1,"href":"https:\/\/haberbesiktas.tr\/index.php?rest_route=\/wp\/v2\/posts\/25058\/revisions"}],"predecessor-version":[{"id":25060,"href":"https:\/\/haberbesiktas.tr\/index.php?rest_route=\/wp\/v2\/posts\/25058\/revisions\/25060"}],"wp:featuredmedia":[{"embeddable":true,"href":"https:\/\/haberbesiktas.tr\/index.php?rest_route=\/wp\/v2\/media\/25059"}],"wp:attachment":[{"href":"https:\/\/haberbesiktas.tr\/index.php?rest_route=%2Fwp%2Fv2%2Fmedia&parent=25058"}],"wp:term":[{"taxonomy":"category","embeddable":true,"href":"https:\/\/haberbesiktas.tr\/index.php?rest_route=%2Fwp%2Fv2%2Fcategories&post=25058"},{"taxonomy":"post_tag","embeddable":true,"href":"https:\/\/haberbesiktas.tr\/index.php?rest_route=%2Fwp%2Fv2%2Ftags&post=25058"}],"curies":[{"name":"wp","href":"https:\/\/api.w.org\/{rel}","templated":true}]}}