{"id":25064,"date":"2025-04-30T03:48:14","date_gmt":"2025-04-30T03:48:14","guid":{"rendered":"https:\/\/haberbesiktas.tr\/?p=25064"},"modified":"2025-04-30T03:48:14","modified_gmt":"2025-04-30T03:48:14","slug":"solskjaerin-schjelderup-israri","status":"publish","type":"post","link":"https:\/\/haberbesiktas.tr\/?p=25064","title":{"rendered":"Solskjaer&#8217;in Schjelderup \u0131srar\u0131!"},"content":{"rendered":"<div>\n<p>Teknik Y\u00f6netici Solskjaer idaresinde seri galibiyetler alan Be\u015fikta\u015f&#8217;\u0131 \u00f6n\u00fcm\u00fczdeki d\u00f6nem \u015fampiyon yapacak tak\u0131m\u0131n planlamas\u0131 \u015fimdiden ba\u015flad\u0131.\u00a0<\/p>\n<p> Norve\u00e7li \u00e7al\u0131\u015ft\u0131r\u0131c\u0131, idareye sundu\u011fu raporda gen\u00e7 ve gelecek vaat eden oyuncular\u0131 kadrosunda g\u00f6rmek istedi\u011fini s\u00f6yledi.<\/p>\n<p> Siyahbeyazl\u0131lar\u0131n, Benfica&#8217;da forma giyen 20 ya\u015f\u0131ndaki Andreas Schjelderup ile g\u00f6r\u00fc\u015fmelere ba\u015flad\u0131\u011f\u0131 tabir edildi. Solskjaer&#8217;in bilhassa grupta g\u00f6rmek istedi\u011fi Schjelderup, sol kanat durumunda forma giyiyor\u00a0<\/p>\n<p> <strong>AVRUPA&#8217;NIN G\u00d6ZDES\u0130<\/strong><\/p>\n<p> Futbol mesle\u011fine Norve\u00e7&#8217;in Tromso kul\u00fcb\u00fcnde ba\u015flad\u0131. Gen\u00e7 ya\u015fta g\u00f6sterdi\u011fi performansla dikkatleri \u00fczerine \u00e7ekti ve Avrupa&#8217;n\u0131n b\u00fcy\u00fck kul\u00fcplerinin be\u011fenilen oyuncusu haline geldi. Bilhassa teknik kapasitesi, dripling yetene\u011fi ve oyun g\u00f6r\u00fc\u015f\u00fc ile \u00f6ne \u00e7\u0131kt\u0131.\u00a0<\/p>\n<p> <strong>P\u0130YASA PAHASI 10 M\u0130LYON EURO\u00a0<\/strong><\/p>\n<p> Her iki kanat ve 10 numara konumunda oynayan Schjelderup, Portekiz deviyle 2028 y\u0131l\u0131na dek mukavelesi bulunuyor. Norve\u00e7li&#8217;nin yeni piyasa pahas\u0131 10 milyon Euro olarak g\u00f6steriliyor.<\/p>\n<p> <strong>PERFORMANSI\u00a0<\/strong><\/p>\n<p> Bu d\u00f6nem Benfica formas\u0131yla 23 resmi ma\u00e7ta uzunluk g\u00f6steren Schjelderup, 3 defa fileleri havaland\u0131rd\u0131 ve 4 defa de gol pas\u0131 vermeyi ba\u015fard\u0131. Norve\u00e7 Ulusal Kadrosu&#8217;nda ise t\u00fcm alt ya\u015f kategorilerinde forma giyen 1 defa Ulusal formay\u0131 giyen Norve\u00e7li oyuncu, 36 ma\u00e7ta 17 gol kaydetti.\u00a0<\/p>\n<\/div>\n","protected":false},"excerpt":{"rendered":"<p>Teknik y\u00f6netici Ole Gunnar Solskjaer, Benfica&#8217;da oynayan vatanda\u015f\u0131 Andreas Schjelderup i\u00e7in Be\u015fikta\u015f idaresi ile konu\u015farak yeni d\u00f6nem yap\u0131lanmas\u0131nda g\u00f6rmek istedi\u011fini belirtti.<\/p>\n","protected":false},"author":1,"featured_media":25065,"comment_status":"open","ping_status":"open","sticky":false,"template":"","format":"standard","meta":{"footnotes":""},"categories":[25],"tags":[623,2160],"class_list":["post-25064","post","type-post","status-publish","format-standard","has-post-thumbnail","hentry","category-futbol","tag-forma","tag-norvec"],"_links":{"self":[{"href":"https:\/\/haberbesiktas.tr\/index.php?rest_route=\/wp\/v2\/posts\/25064","targetHints":{"allow":["GET"]}}],"collection":[{"href":"https:\/\/haberbesiktas.tr\/index.php?rest_route=\/wp\/v2\/posts"}],"about":[{"href":"https:\/\/haberbesiktas.tr\/index.php?rest_route=\/wp\/v2\/types\/post"}],"author":[{"embeddable":true,"href":"https:\/\/haberbesiktas.tr\/index.php?rest_route=\/wp\/v2\/users\/1"}],"replies":[{"embeddable":true,"href":"https:\/\/haberbesiktas.tr\/index.php?rest_route=%2Fwp%2Fv2%2Fcomments&post=25064"}],"version-history":[{"count":1,"href":"https:\/\/haberbesiktas.tr\/index.php?rest_route=\/wp\/v2\/posts\/25064\/revisions"}],"predecessor-version":[{"id":25066,"href":"https:\/\/haberbesiktas.tr\/index.php?rest_route=\/wp\/v2\/posts\/25064\/revisions\/25066"}],"wp:featuredmedia":[{"embeddable":true,"href":"https:\/\/haberbesiktas.tr\/index.php?rest_route=\/wp\/v2\/media\/25065"}],"wp:attachment":[{"href":"https:\/\/haberbesiktas.tr\/index.php?rest_route=%2Fwp%2Fv2%2Fmedia&parent=25064"}],"wp:term":[{"taxonomy":"category","embeddable":true,"href":"https:\/\/haberbesiktas.tr\/index.php?rest_route=%2Fwp%2Fv2%2Fcategories&post=25064"},{"taxonomy":"post_tag","embeddable":true,"href":"https:\/\/haberbesiktas.tr\/index.php?rest_route=%2Fwp%2Fv2%2Ftags&post=25064"}],"curies":[{"name":"wp","href":"https:\/\/api.w.org\/{rel}","templated":true}]}}