{"id":25067,"date":"2025-04-30T04:00:14","date_gmt":"2025-04-30T04:00:14","guid":{"rendered":"https:\/\/haberbesiktas.tr\/?p=25067"},"modified":"2025-04-30T04:00:14","modified_gmt":"2025-04-30T04:00:14","slug":"osimhen-galatasarayi-tasimaya-devam-ediyor","status":"publish","type":"post","link":"https:\/\/haberbesiktas.tr\/?p=25067","title":{"rendered":"Osimhen, Galatasaray&#8217;\u0131 ta\u015f\u0131maya devam ediyor!"},"content":{"rendered":"<div>Galatasaray, Muhte\u015fem Lig&#8217;in 26. haftas\u0131nda Kas\u0131mpa\u015fa deplasman\u0131na konuk oldu.<\/p>\n<p> \u00c7aban\u0131n 9. dakikas\u0131nda ceza alan\u0131 i\u00e7inde yerde kalan Victor Osimhen, VAR incelemesi sonras\u0131 kazan\u0131lan penalt\u0131y\u0131 gole \u00e7evirerek ekibini \u00f6ne ge\u00e7irdi.<\/p>\n<p> <strong>OSIMHEN YEN\u0130DEN SAHNEYE \u00c7IKTI!<br \/><\/strong><br \/>Kar\u015f\u0131la\u015fman\u0131n ikinci yar\u0131s\u0131nda bir defa daha sahneye \u00e7\u0131kan Nijeryal\u0131 golc\u00fc, 71. dakikada att\u0131\u011f\u0131 golle skoru 3-2&#8217;ye getirdi. U\u011fra\u015f 3-3 berabere bitse de Mauro Icardi&#8217;nin sakatl\u0131\u011f\u0131nda Galatasaray&#8217;\u0131n gol y\u00fck\u00fcn\u00fc \u00fcstlenen y\u0131ld\u0131z oyuncu, son 9 lig gol\u00fcn\u00fcn 6&#8217;s\u0131n\u0131 kaydederek ekibine b\u00fcy\u00fck katk\u0131 sa\u011flad\u0131.<\/p>\n<p> <strong>S\u00dcPER L\u0130G&#8217;DE PENALTI USTASI<br \/><\/strong><br \/>Kas\u0131mpa\u015fa kar\u015f\u0131s\u0131nda penalt\u0131dan buldu\u011fu golle Muhte\u015fem Lig&#8217;deki penalt\u0131 istatisti\u011fini geli\u015ftiren Victor Osimhen, bug\u00fcne kadar kulland\u0131\u011f\u0131 6 penalt\u0131y\u0131 da gole \u00e7evirmeyi ba\u015fard\u0131. Penalt\u0131dan gol att\u0131\u011f\u0131 ekipler: Sivasspor, Kayserispor, G\u00f6ztepe, Hatayspor, Konyaspor ve Kas\u0131mpa\u015fa.<\/p>\n<p> Galatasaray formas\u0131yla toplamda 16 gole ula\u015fan Osimhen, grubunun \u015fampiyonluk yar\u0131\u015f\u0131ndaki en de\u011ferli isimlerinden biri olmaya devam ediyor.\u00a0<\/p>\n<div>\u00a0<\/div>\n<\/div>\n","protected":false},"excerpt":{"rendered":"<p>D\u00f6nem ba\u015f\u0131nda Napoli&#8217;den kiralanan Victor Osimhen, Galatasaray&#8217;\u0131 ta\u015f\u0131maya devam ediyor. Nijeryal\u0131 forvet, Kas\u0131mpa\u015fa a\u011flar\u0131n\u0131 da 2 kere sarsarak grubunun 9 gol\u00fcnden 6&#8217;s\u0131na imza att\u0131.<\/p>\n","protected":false},"author":1,"featured_media":25068,"comment_status":"open","ping_status":"open","sticky":false,"template":"","format":"standard","meta":{"footnotes":""},"categories":[25],"tags":[77,303],"class_list":["post-25067","post","type-post","status-publish","format-standard","has-post-thumbnail","hentry","category-futbol","tag-gol","tag-penalti"],"_links":{"self":[{"href":"https:\/\/haberbesiktas.tr\/index.php?rest_route=\/wp\/v2\/posts\/25067","targetHints":{"allow":["GET"]}}],"collection":[{"href":"https:\/\/haberbesiktas.tr\/index.php?rest_route=\/wp\/v2\/posts"}],"about":[{"href":"https:\/\/haberbesiktas.tr\/index.php?rest_route=\/wp\/v2\/types\/post"}],"author":[{"embeddable":true,"href":"https:\/\/haberbesiktas.tr\/index.php?rest_route=\/wp\/v2\/users\/1"}],"replies":[{"embeddable":true,"href":"https:\/\/haberbesiktas.tr\/index.php?rest_route=%2Fwp%2Fv2%2Fcomments&post=25067"}],"version-history":[{"count":1,"href":"https:\/\/haberbesiktas.tr\/index.php?rest_route=\/wp\/v2\/posts\/25067\/revisions"}],"predecessor-version":[{"id":25069,"href":"https:\/\/haberbesiktas.tr\/index.php?rest_route=\/wp\/v2\/posts\/25067\/revisions\/25069"}],"wp:featuredmedia":[{"embeddable":true,"href":"https:\/\/haberbesiktas.tr\/index.php?rest_route=\/wp\/v2\/media\/25068"}],"wp:attachment":[{"href":"https:\/\/haberbesiktas.tr\/index.php?rest_route=%2Fwp%2Fv2%2Fmedia&parent=25067"}],"wp:term":[{"taxonomy":"category","embeddable":true,"href":"https:\/\/haberbesiktas.tr\/index.php?rest_route=%2Fwp%2Fv2%2Fcategories&post=25067"},{"taxonomy":"post_tag","embeddable":true,"href":"https:\/\/haberbesiktas.tr\/index.php?rest_route=%2Fwp%2Fv2%2Ftags&post=25067"}],"curies":[{"name":"wp","href":"https:\/\/api.w.org\/{rel}","templated":true}]}}