{"id":25088,"date":"2025-04-30T05:24:13","date_gmt":"2025-04-30T05:24:13","guid":{"rendered":"https:\/\/haberbesiktas.tr\/?p=25088"},"modified":"2025-04-30T05:24:13","modified_gmt":"2025-04-30T05:24:13","slug":"james-palmerdan-fenerbahce-derbisi-aciklamasi","status":"publish","type":"post","link":"https:\/\/haberbesiktas.tr\/?p=25088","title":{"rendered":"James Palmer&#8217;dan Fenerbah\u00e7e derbisi a\u00e7\u0131klamas\u0131"},"content":{"rendered":"<div>Galatasaray Erkek Basketbol Ekibi&#8217;nin ABD&#8217;li oyun kurucusu\u00a0James\u00a0Palmer, T\u00fcrkiye liginin Avrupa&#8217;n\u0131n en \u00fcst d\u00fczeyindeki tertiplerden biri oldu\u011funu s\u00f6yledi.<\/p>\n<p> Palmer, AA muhabirine yapt\u0131\u011f\u0131 a\u00e7\u0131klamada, T\u00fcrkiye liginin Avrupa&#8217;n\u0131n en \u00fcst d\u00fczeydeki liglerinden biri oldu\u011funu tabir ederek, <strong>&#8220;Avrupa Ligi, Avrupa Kupas\u0131, Basketbol \u015eampiyonlar Ligi (BCL) gruplar\u0131 var ve rekabet d\u00fczeyi hayli y\u00fcksek. Ayr\u0131yeten, gruplardaki yabanc\u0131 oyuncu say\u0131s\u0131n\u0131n artmas\u0131 da rekabeti daha da g\u00fc\u00e7lendirdi.&#8221;<\/strong> dedi.<\/p>\n<p> D\u00f6nem ba\u015f\u0131nda Galatasaray&#8217;\u0131n tak\u0131m\u0131na dahil olma s\u00fcrecini k\u0131ymetlendiren Palmer,<strong> &#8220;A\u00e7\u0131k\u00e7as\u0131, yaz aylar\u0131nda bu t\u00fcrl\u00fc bir f\u0131rsat do\u011fdu\u011funda se\u00e7eneklerimi de\u011ferlendirdim ve hakikat bir karar oldu\u011funa kanaat getirdim. Burada olacak oyuncular ve antren\u00f6rle olan \u00e2l\u00e2 ilgim ve ge\u00e7ti\u011fimiz d\u00f6nem T\u00fcrkiye liginde oynam\u0131\u015f olmam \u00fczere bir\u00e7ok fakt\u00f6r tesirli oldu. Bu sayede, beni nelerin bekledi\u011fini esasen az \u00e7ok biliyordum.&#8221;<\/strong> tabirlerini kulland\u0131.<\/p>\n<p> <strong>&#8211; &#8220;Hedefim \u015fampiyon olmak&#8221;<\/strong><\/p>\n<p> Sar\u0131-k\u0131rm\u0131z\u0131l\u0131 kadronun u\u011fra\u015f etti\u011fi \u015eampiyonlar Ligi&#8217;ndeki gayeleriyle ilgili soruyu yan\u0131tlayan ABD&#8217;li basketbolcu, <strong>&#8220;Basketbol \u015eampiyonlar Ligi \u00fczere \u00fcst d\u00fczeyde bir turnuvada oynamak benim i\u00e7in her \u015fey demek. Nerede oynarsam oynayay\u0131m, ister ABD&#8217;de, ister \u00f6teki \u00fclkede, her vakit en \u00fcst d\u00fczeyde \u00e7aba etmek istiyorum. Basketbol \u015eampiyonlar Ligi de \u00fcst seviye bir tertip. Amac\u0131m \u015fampiyon olmak. Buraya ekibe olabildi\u011fince fazla galibiyet kazand\u0131rmaya geldim ve d\u00f6nem boyunca da bunun i\u00e7in u\u011fra\u015f etmeye devam edece\u011fim.&#8221;<\/strong> diye konu\u015ftu.<\/p>\n<p> \u015eampiyonlar Ligi&#8217;nde \u0130spanya&#8217;n\u0131n Unicaja grubuyla 5 Mart \u00c7ar\u015famba g\u00fcn\u00fc yapacaklar\u0131 ma\u00e7a de\u011finen Palmer, <strong>&#8220;Sadece antren\u00f6r\u00fcm\u00fcz\u00fcn bizim i\u00e7in haz\u0131rlad\u0131\u011f\u0131 ma\u00e7 plan\u0131n\u0131 en \u00e2l\u00e2 formda uygulamak istiyoruz. Unicaja&#8217;n\u0131n \u00e7ok g\u00fczel bir grup oldu\u011funu ve BCL&#8217;de her vakit ileri tiplere kalma al\u0131\u015fkanl\u0131klar\u0131 oldu\u011funu biliyoruz. Bu bizim i\u00e7in b\u00fcy\u00fck bir f\u0131rsat fakat biz de buna haz\u0131r\u0131z. \u00c7oklukla bu cins ma\u00e7lara odaklanarak haz\u0131rlan\u0131r\u0131m.&#8221;<\/strong> de\u011ferlendirmesinde bulundu.<\/p>\n<p> Basketbol d\u00fczeyi a\u00e7\u0131s\u0131ndan BCL&#8217;nin \u00e7ok \u00e2l\u00e2 bir tertip oldu\u011funu kaydeden Palmer, <strong>&#8220;Avrupa&#8217;da oynanan her turnuva k\u0131ymetli bir tecr\u00fcbe sunuyor ancak BCL&#8217;de katiyen en kuvvetli liglerden biri. Buradaki rekabet d\u00fczeyi hayli y\u00fcksek.&#8221;<\/strong> dedi.<\/p>\n<p> BCL&#8217;nin haftal\u0131k ma\u00e7 takviminin hem ekipler hem de oyuncular i\u00e7in uygun oldu\u011funa dikkati \u00e7eken Palmer, \u015funlar\u0131 kaydetti:<\/p>\n<p> <strong>&#8220;Bence BCL&#8217;in verdi\u011fi ortalar \u00e7ok gerekli. Yabanc\u0131 oyuncular olarak 10 ay boyunca farkl\u0131 bir \u00fclkede olmak uzun bir s\u00fcre\u00e7. Bu \u00e7e\u015fit ortalar hem mental hem de fizik\u00ee olarak toparlanmak ve tekrar ekip kimyas\u0131na adapte olmak i\u00e7in \u00e7ok yararl\u0131. Muhakkak gereksinim duyulan bir \u015fey.&#8221;<\/strong><\/p>\n<p> Galatasaray olarak d\u00f6nem i\u00e7indeki ama\u00e7lar\u0131 pahaland\u0131ran Palmer, <strong>&#8220;Milli grup ortas\u0131ndan evvel birka\u00e7 ma\u00e7 kaybettik lakin bu ortadan sonra mental olarak toparlan\u0131p tekrar galibiyet serisine d\u00f6nmeye \u00e7al\u0131\u015faca\u011f\u0131z. Bunu ba\u015farabilece\u011fimize inan\u0131yorum.&#8221;<\/strong> diye konu\u015ftu.<\/p>\n<p> <strong>&#8211; Galatasaray ile Fenerbah\u00e7e ortas\u0131ndaki rekabet<\/strong><\/p>\n<p> Sar\u0131-k\u0131rm\u0131z\u0131l\u0131 kadroyla Fenerbah\u00e7e ortas\u0131ndaki rekabetle ilgili soruya ise Palmer, \u015fu cevab\u0131 verdi:<\/p>\n<p> <strong>&#8220;Galatasaray&#8217;\u0131n futbol kadrosunu takip ediyorum, ma\u00e7lara da gittim lakin maalesef Fenerbah\u00e7e ma\u00e7\u0131na gitme talihim olmad\u0131. Rekabetin b\u00fcy\u00fckl\u00fc\u011f\u00fcn\u00fc biliyorum ancak ben her ma\u00e7a birebir motivasyonla ve t\u0131pk\u0131 ciddiyetle haz\u0131rlanarak \u00e7\u0131k\u0131yorum. Al\u0131\u015f\u0131lm\u0131\u015f ki bu t\u0131p derbiler \u00f6b\u00fcr ma\u00e7lardan daha b\u00fcy\u00fck mana ta\u015f\u0131yor ve taraftarlar\u0131m\u0131z i\u00e7in de\u011ferini anl\u0131yorum.&#8221;<\/strong><\/p>\n<p> Taraftarlardan dayanaklar\u0131n\u0131 s\u00fcrd\u00fcrmelerini isteyen Palmer, <strong>&#8220;Taraftarlar\u0131m\u0131za dayanaklar\u0131n\u0131 s\u00fcrd\u00fcrmelerinin bizim i\u00e7in k\u0131ymetli oldu\u011funu s\u00f6ylemek istiyorum. Onlara muhta\u00e7l\u0131\u011f\u0131m\u0131z var. Ba\u015far\u0131y\u0131 s\u00fcrd\u00fcrmek ve kazanmak i\u00e7in onlar\u0131n dayana\u011f\u0131 bizim i\u00e7in \u00e7ok de\u011ferli. \u015eu ana kadar verdikleri dayanak i\u00e7in te\u015fekk\u00fcr ediyorum. T\u0131pk\u0131 formda devam etsinler, biz de kazanmaya devam edelim.&#8221;<\/strong> diyerek kelamlar\u0131n\u0131 tamamlad\u0131.<\/p>\n<p> \u00a0<\/p>\n<\/div>\n","protected":false},"excerpt":{"rendered":"<p>Galatasaray Erkek Basketbol Grubu&#8217;nun ABD&#8217;li oyun kurucusu James Palmer, T\u00fcrkiye Ligi&#8217;nin Avrupa&#8217;n\u0131n en \u00fcst d\u00fczeyindeki liglerinden biri oldu\u011funu belirtti. Rekabet ortam\u0131n\u0131n  y\u00fcksek oldu\u011funu vurgulayan Palmer maksad\u0131n\u0131n \u015fampiyonluk oldu\u011funu vurgulad\u0131.<\/p>\n","protected":false},"author":1,"featured_media":25089,"comment_status":"open","ping_status":"open","sticky":false,"template":"","format":"standard","meta":{"footnotes":""},"categories":[10],"tags":[468,50,2016,2264,52],"class_list":["post-25088","post","type-post","status-publish","format-standard","has-post-thumbnail","hentry","category-basketbol","tag-basketbol","tag-mac","tag-palmer","tag-rekabet","tag-takim"],"_links":{"self":[{"href":"https:\/\/haberbesiktas.tr\/index.php?rest_route=\/wp\/v2\/posts\/25088","targetHints":{"allow":["GET"]}}],"collection":[{"href":"https:\/\/haberbesiktas.tr\/index.php?rest_route=\/wp\/v2\/posts"}],"about":[{"href":"https:\/\/haberbesiktas.tr\/index.php?rest_route=\/wp\/v2\/types\/post"}],"author":[{"embeddable":true,"href":"https:\/\/haberbesiktas.tr\/index.php?rest_route=\/wp\/v2\/users\/1"}],"replies":[{"embeddable":true,"href":"https:\/\/haberbesiktas.tr\/index.php?rest_route=%2Fwp%2Fv2%2Fcomments&post=25088"}],"version-history":[{"count":1,"href":"https:\/\/haberbesiktas.tr\/index.php?rest_route=\/wp\/v2\/posts\/25088\/revisions"}],"predecessor-version":[{"id":25090,"href":"https:\/\/haberbesiktas.tr\/index.php?rest_route=\/wp\/v2\/posts\/25088\/revisions\/25090"}],"wp:featuredmedia":[{"embeddable":true,"href":"https:\/\/haberbesiktas.tr\/index.php?rest_route=\/wp\/v2\/media\/25089"}],"wp:attachment":[{"href":"https:\/\/haberbesiktas.tr\/index.php?rest_route=%2Fwp%2Fv2%2Fmedia&parent=25088"}],"wp:term":[{"taxonomy":"category","embeddable":true,"href":"https:\/\/haberbesiktas.tr\/index.php?rest_route=%2Fwp%2Fv2%2Fcategories&post=25088"},{"taxonomy":"post_tag","embeddable":true,"href":"https:\/\/haberbesiktas.tr\/index.php?rest_route=%2Fwp%2Fv2%2Ftags&post=25088"}],"curies":[{"name":"wp","href":"https:\/\/api.w.org\/{rel}","templated":true}]}}