{"id":25091,"date":"2025-04-30T05:36:13","date_gmt":"2025-04-30T05:36:13","guid":{"rendered":"https:\/\/haberbesiktas.tr\/?p=25091"},"modified":"2025-04-30T05:36:13","modified_gmt":"2025-04-30T05:36:13","slug":"fenerbahceye-adadan-genc-yildiz","status":"publish","type":"post","link":"https:\/\/haberbesiktas.tr\/?p=25091","title":{"rendered":"Fenerbah\u00e7e&#8217;ye Ada&#8217;dan gen\u00e7 y\u0131ld\u0131z!"},"content":{"rendered":"<div>\n<p>Yoluna 3 kulvarda devam eden Fenerbah\u00e7e&#8217;de bir yandan da gelecek d\u00f6nem i\u00e7in \u00e7al\u0131\u015fmalar s\u00fcr\u00fcyor.\u00a0<\/p>\n<p> Sar\u0131 lacivertli kul\u00fcb\u00fcn, \u0130ngiltere Championship ekiplerinden Middlesbrough formas\u0131 giyen Hayden Hackney ile ilgilendi\u011fi \u00f6\u011frenildi.\u00a0<\/p>\n<p> \u0130ngiliz bas\u0131n\u0131n\u0131n haberine nazaran; Sar\u0131 lacivertliler 22 ya\u015f\u0131ndaki orta saha oyuncusu konusunda k\u0131sa m\u00fcddet i\u00e7inde resmi transfer temaslar\u0131a ba\u015flayaca\u011f\u0131 tez edildi.<\/p>\n<p><strong>PERFORMANSI<\/strong><\/p>\n<p>Bu d\u00f6nem Middlesbrough formas\u0131yla 33 ma\u00e7a \u00e7\u0131kan Hackney, 5 gol 2 asistlik performans sergiledi.<\/p>\n<div>\n<div>\n<div>\n<div>\n<div>\n<div>\n<div>\u00a0<\/div>\n<\/p><\/div>\n<\/p><\/div>\n<\/p><\/div>\n<\/p><\/div>\n<\/p><\/div>\n<\/p><\/div>\n<\/div>\n","protected":false},"excerpt":{"rendered":"<p>Scout tak\u0131m\u0131, yeni d\u00f6nem i\u00e7in Fenerbah\u00e7e&#8217;ye 21 ya\u015f\u0131ndaki Hayden Hackney&#8217;i \u00f6nerdi.<\/p>\n","protected":false},"author":1,"featured_media":25092,"comment_status":"open","ping_status":"open","sticky":false,"template":"","format":"standard","meta":{"footnotes":""},"categories":[25],"tags":[],"class_list":["post-25091","post","type-post","status-publish","format-standard","has-post-thumbnail","hentry","category-futbol"],"_links":{"self":[{"href":"https:\/\/haberbesiktas.tr\/index.php?rest_route=\/wp\/v2\/posts\/25091","targetHints":{"allow":["GET"]}}],"collection":[{"href":"https:\/\/haberbesiktas.tr\/index.php?rest_route=\/wp\/v2\/posts"}],"about":[{"href":"https:\/\/haberbesiktas.tr\/index.php?rest_route=\/wp\/v2\/types\/post"}],"author":[{"embeddable":true,"href":"https:\/\/haberbesiktas.tr\/index.php?rest_route=\/wp\/v2\/users\/1"}],"replies":[{"embeddable":true,"href":"https:\/\/haberbesiktas.tr\/index.php?rest_route=%2Fwp%2Fv2%2Fcomments&post=25091"}],"version-history":[{"count":1,"href":"https:\/\/haberbesiktas.tr\/index.php?rest_route=\/wp\/v2\/posts\/25091\/revisions"}],"predecessor-version":[{"id":25093,"href":"https:\/\/haberbesiktas.tr\/index.php?rest_route=\/wp\/v2\/posts\/25091\/revisions\/25093"}],"wp:featuredmedia":[{"embeddable":true,"href":"https:\/\/haberbesiktas.tr\/index.php?rest_route=\/wp\/v2\/media\/25092"}],"wp:attachment":[{"href":"https:\/\/haberbesiktas.tr\/index.php?rest_route=%2Fwp%2Fv2%2Fmedia&parent=25091"}],"wp:term":[{"taxonomy":"category","embeddable":true,"href":"https:\/\/haberbesiktas.tr\/index.php?rest_route=%2Fwp%2Fv2%2Fcategories&post=25091"},{"taxonomy":"post_tag","embeddable":true,"href":"https:\/\/haberbesiktas.tr\/index.php?rest_route=%2Fwp%2Fv2%2Ftags&post=25091"}],"curies":[{"name":"wp","href":"https:\/\/api.w.org\/{rel}","templated":true}]}}