{"id":25094,"date":"2025-04-30T05:48:09","date_gmt":"2025-04-30T05:48:09","guid":{"rendered":"https:\/\/haberbesiktas.tr\/?p=25094"},"modified":"2025-04-30T05:48:09","modified_gmt":"2025-04-30T05:48:09","slug":"salon-atletizm-avrupa-sampiyonasina-katilacak-sporcular-belli-oldu","status":"publish","type":"post","link":"https:\/\/haberbesiktas.tr\/?p=25094","title":{"rendered":"Salon Atletizm Avrupa \u015eampiyonas\u0131&#8217;na kat\u0131lacak sporcular belli oldu"},"content":{"rendered":"<p>Hollanda&#8217;da d\u00fczenlenecek Salon Atletizm Avrupa \u015eampiyonas\u0131&#8217;nda T\u00fcrkiye&#8217;yi 8 ulusal atlet temsil edecek.<\/p>\n<p> T\u00fcrkiye Atletizm Federasyonundan yap\u0131lan a\u00e7\u0131klamaya nazaran, tertip 6-9 Mart tarihlerinde Apeldoorn kentinde d\u00fczenlenecek.<\/p>\n<p> \u015eampiyonada T\u00fcrkiye&#8217;yi \u00fc\u00e7 ad\u0131m atlamada Tu\u011fba Dan\u0131\u015fmaz ve Can \u00d6z\u00fcpek, s\u0131r\u0131kla atlamada Ersu \u015ea\u015fma, 60 metrede Ertan \u00d6zkan ve Mustafa Kemal Ay, y\u00fcksek atlamada Buse Sava\u015fkan ve Alperen Acet ile 60 metre engellide Mikdat Sevler temsil edecek.<\/p>\n<p> A\u00e7\u0131klamada g\u00f6r\u00fc\u015flerine yer verilen T\u00fcrkiye Atletizm Federasyonu Ba\u015fkan\u0131 Ahmet Karada\u011f, \u015fampiyonaya b\u00fcy\u00fck ehemmiyet verdiklerini belirterek, &#8220;Son derece yetenekli bir tak\u0131mla Avrupa&#8217;ya gidiyoruz. Atletlerimiz b\u00fcy\u00fck bir azim ve disiplinle \u00e7al\u0131\u015f\u0131yor, kendilerini daima geli\u015ftiriyorlar. Bu tak\u0131m\u0131n k\u0131ymetli ba\u015far\u0131lara imza ataca\u011f\u0131na y\u00fcrekten inan\u0131yorum.&#8221; tabirlerini kulland\u0131.<\/p>\n","protected":false},"excerpt":{"rendered":"<p>Salon Atletizm Avrupa \u015eampiyonas\u0131&#8217;na kat\u0131lacak atletler a\u015fik\u00e2r oldu. Tertipte T\u00fcrkiye&#8217;yi 8 ulusal sportmen temsil edecek<\/p>\n","protected":false},"author":1,"featured_media":25095,"comment_status":"open","ping_status":"open","sticky":false,"template":"","format":"standard","meta":{"footnotes":""},"categories":[27],"tags":[],"class_list":["post-25094","post","type-post","status-publish","format-standard","has-post-thumbnail","hentry","category-guncel-haberler"],"_links":{"self":[{"href":"https:\/\/haberbesiktas.tr\/index.php?rest_route=\/wp\/v2\/posts\/25094","targetHints":{"allow":["GET"]}}],"collection":[{"href":"https:\/\/haberbesiktas.tr\/index.php?rest_route=\/wp\/v2\/posts"}],"about":[{"href":"https:\/\/haberbesiktas.tr\/index.php?rest_route=\/wp\/v2\/types\/post"}],"author":[{"embeddable":true,"href":"https:\/\/haberbesiktas.tr\/index.php?rest_route=\/wp\/v2\/users\/1"}],"replies":[{"embeddable":true,"href":"https:\/\/haberbesiktas.tr\/index.php?rest_route=%2Fwp%2Fv2%2Fcomments&post=25094"}],"version-history":[{"count":1,"href":"https:\/\/haberbesiktas.tr\/index.php?rest_route=\/wp\/v2\/posts\/25094\/revisions"}],"predecessor-version":[{"id":25096,"href":"https:\/\/haberbesiktas.tr\/index.php?rest_route=\/wp\/v2\/posts\/25094\/revisions\/25096"}],"wp:featuredmedia":[{"embeddable":true,"href":"https:\/\/haberbesiktas.tr\/index.php?rest_route=\/wp\/v2\/media\/25095"}],"wp:attachment":[{"href":"https:\/\/haberbesiktas.tr\/index.php?rest_route=%2Fwp%2Fv2%2Fmedia&parent=25094"}],"wp:term":[{"taxonomy":"category","embeddable":true,"href":"https:\/\/haberbesiktas.tr\/index.php?rest_route=%2Fwp%2Fv2%2Fcategories&post=25094"},{"taxonomy":"post_tag","embeddable":true,"href":"https:\/\/haberbesiktas.tr\/index.php?rest_route=%2Fwp%2Fv2%2Ftags&post=25094"}],"curies":[{"name":"wp","href":"https:\/\/api.w.org\/{rel}","templated":true}]}}