{"id":25097,"date":"2025-04-30T06:00:10","date_gmt":"2025-04-30T06:00:10","guid":{"rendered":"https:\/\/haberbesiktas.tr\/?p=25097"},"modified":"2025-04-30T06:00:10","modified_gmt":"2025-04-30T06:00:10","slug":"18-yas-alti-buz-hokeyi-takimi-isralii-yendi","status":"publish","type":"post","link":"https:\/\/haberbesiktas.tr\/?p=25097","title":{"rendered":"18 Ya\u015f Alt\u0131 Buz Hokeyi Tak\u0131m\u0131 \u0130srali&#8217;i yendi"},"content":{"rendered":"<p>Buz hokeyinde 18 Ya\u015f Alt\u0131 Erkekler D\u00fcnya \u015eampiyonas\u0131 3. Klasman A K\u00fcmesi&#8217;nde ulusal atletler, birinci ma\u00e7\u0131nda \u0130srail&#8217;i 7-5 yendi.\u00a0<\/p>\n<p> T\u00fcrkiye Buz Hokeyi Federasyonundan yap\u0131lan a\u00e7\u0131klamaya nazaran ulusal ekip, Meksika&#8217;da d\u00fczenlenen tertibin birinci ma\u00e7\u0131nda \u0130srail ile kar\u015f\u0131la\u015ft\u0131.<\/p>\n<p> Rakibini 7-5 yenen ulusallar, \u015fampiyonan\u0131n birinci ma\u00e7\u0131ndan galip ayr\u0131ld\u0131.<\/p>\n<p> T\u00fcrkiye Buz Hokeyi Federasyonu Ba\u015fkan\u0131 Halit Albayrak, galibiyetin akabinde toplumsal medyadan yapt\u0131\u011f\u0131 payla\u015f\u0131mda<strong> &#8220;18 ya\u015f alt\u0131 millilerimiz bug\u00fcn alanda yaln\u0131zca bir ma\u00e7 kazanmad\u0131, birebir vakitte insanl\u0131\u011f\u0131n ve vicdan\u0131n sesini de y\u00fckseltti. Bu galibiyeti, Filistin&#8217;de aylard\u0131r s\u00fcren zulme, i\u015fgale ve insanl\u0131k d\u0131\u015f\u0131 ataklara maruz kalan mazlum karde\u015flerimize ithaf ediyoruz. Zulme kar\u015f\u0131 gelen, hakikatin yan\u0131nda duran t\u00fcm vicdanl\u0131 insanlara selam olsun.&#8221;<\/strong> tabirlerini kulland\u0131.<\/p>\n","protected":false},"excerpt":{"rendered":"<p>18 Ya\u015f Alt\u0131 Buz Hokeyi Grubu, \u0130srail&#8217;i 7-5 yenerek turnuvaya zaferle ba\u015flad\u0131.<\/p>\n","protected":false},"author":1,"featured_media":25098,"comment_status":"open","ping_status":"open","sticky":false,"template":"","format":"standard","meta":{"footnotes":""},"categories":[27],"tags":[],"class_list":["post-25097","post","type-post","status-publish","format-standard","has-post-thumbnail","hentry","category-guncel-haberler"],"_links":{"self":[{"href":"https:\/\/haberbesiktas.tr\/index.php?rest_route=\/wp\/v2\/posts\/25097","targetHints":{"allow":["GET"]}}],"collection":[{"href":"https:\/\/haberbesiktas.tr\/index.php?rest_route=\/wp\/v2\/posts"}],"about":[{"href":"https:\/\/haberbesiktas.tr\/index.php?rest_route=\/wp\/v2\/types\/post"}],"author":[{"embeddable":true,"href":"https:\/\/haberbesiktas.tr\/index.php?rest_route=\/wp\/v2\/users\/1"}],"replies":[{"embeddable":true,"href":"https:\/\/haberbesiktas.tr\/index.php?rest_route=%2Fwp%2Fv2%2Fcomments&post=25097"}],"version-history":[{"count":1,"href":"https:\/\/haberbesiktas.tr\/index.php?rest_route=\/wp\/v2\/posts\/25097\/revisions"}],"predecessor-version":[{"id":25099,"href":"https:\/\/haberbesiktas.tr\/index.php?rest_route=\/wp\/v2\/posts\/25097\/revisions\/25099"}],"wp:featuredmedia":[{"embeddable":true,"href":"https:\/\/haberbesiktas.tr\/index.php?rest_route=\/wp\/v2\/media\/25098"}],"wp:attachment":[{"href":"https:\/\/haberbesiktas.tr\/index.php?rest_route=%2Fwp%2Fv2%2Fmedia&parent=25097"}],"wp:term":[{"taxonomy":"category","embeddable":true,"href":"https:\/\/haberbesiktas.tr\/index.php?rest_route=%2Fwp%2Fv2%2Fcategories&post=25097"},{"taxonomy":"post_tag","embeddable":true,"href":"https:\/\/haberbesiktas.tr\/index.php?rest_route=%2Fwp%2Fv2%2Ftags&post=25097"}],"curies":[{"name":"wp","href":"https:\/\/api.w.org\/{rel}","templated":true}]}}