{"id":25103,"date":"2025-04-30T06:24:17","date_gmt":"2025-04-30T06:24:17","guid":{"rendered":"https:\/\/haberbesiktas.tr\/?p=25103"},"modified":"2025-04-30T06:24:17","modified_gmt":"2025-04-30T06:24:17","slug":"paulo-fonseca-tarihi-cezayla-karsi-karsiya","status":"publish","type":"post","link":"https:\/\/haberbesiktas.tr\/?p=25103","title":{"rendered":"Paulo Fonseca, tarihi cezayla kar\u015f\u0131 kar\u015f\u0131ya!"},"content":{"rendered":"<div>Fransa Ligue 1&#8217;de ekibi Lyon&#8217;un Brest&#8217;i 2-1 yendi\u011fi ma\u00e7ta hakemin \u00fczerine y\u00fcr\u00fcy\u00fcp ba\u015f atar \u00fczere yapan teknik y\u00f6netici Paulo Fonseca k\u0131rm\u0131z\u0131 kart g\u00f6rd\u00fc.<\/p>\n<p> Portekizli teknik adam\u0131n, 7 ay ceza alabilece\u011fi tez edildi.<\/p>\n<p> RMC Sport&#8217;ta yer alan haberde <strong>Fonseca&#8217;ya birka\u00e7 ay men cezas\u0131 verilebilece\u011fi fakat bu cezan\u0131n 7 aya kadar y\u00fckselebilece\u011fi<\/strong> s\u00f6z edildi.<\/p>\n<p> <strong>NE OLMU\u015eTU?<\/strong><\/p>\n<p> Fransa Ligue 1&#8217;de 24. hafta \u00e7abas\u0131nda Lyon, Brest&#8217;i konuk etti. \u00c7abay\u0131 2-1 kazanan Lyon, alandan galibiyetle ayr\u0131l\u0131p 3 puan\u0131 hanesine yazd\u0131rd\u0131. Lyon&#8217;un gollerini Alexandre Lacazette (2) kaydederken Brest&#8217;in gol\u00fcnde Kenny Lala a\u011flar\u0131 havaland\u0131rd\u0131.<\/p>\n<p> M\u00fcsabakan\u0131n uzatma dakikalar\u0131nda Lyon&#8217;da teknik y\u00f6netici Paulo Fonseca k\u0131rm\u0131z\u0131 kart g\u00f6rd\u00fc. Ma\u00e7\u0131n hakemi Benoit Millot&#8217;un \u00fczerine y\u00fcr\u00fcyen Fonseca, \u00f6nemli bir cezayla kar\u015f\u0131 kar\u015f\u0131ya kald\u0131.<\/p>\n<p> M\u00fcsabakan\u0131n 90+4. dakikas\u0131nda Millot, m\u00fcmk\u00fcn bir penalt\u0131 durumu i\u00e7in VAR monit\u00f6r\u00fcne gitti. Denetimin akabinde hakem Millot, Fonseca&#8217;ya g\u00f6sterdi\u011fi reaksiyon nedeniyle k\u0131rm\u0131z\u0131 kart g\u00f6sterdi.<\/p>\n<p> K\u0131rm\u0131z\u0131 kart\u0131n \u00e7\u0131kmas\u0131n\u0131n akabinde hakemin \u00fczerine y\u00fcr\u00fcyen Fonseca&#8217;y\u0131 futbolcular sakinle\u015ftirmeye \u00e7al\u0131\u015ft\u0131.<\/p>\n<p> \u00d6fkeli bir bi\u00e7imde soyunma odas\u0131n\u0131n yolunu tutan Portekizli, &#8220;Bu hareketimden \u00f6t\u00fcr\u00fc \u00f6z\u00fcr dilerim yapmamal\u0131yd\u0131m lakin futbol bazen bizi yanl\u0131\u015f reaksiyonlara s\u00fcr\u00fcleyebiliyor&#8221; diyerek af diledi.<\/p>\n<p> <strong>LYON PERFORMANSI<\/strong><\/p>\n<p> Ligue 1&#8217;de d\u00f6neme Pierre Sage ile ba\u015flayan Lyon, \u00fcst \u00fcste makus sonu\u00e7lar almas\u0131n\u0131n akabinde 19. haftadaki Nantes ma\u00e7\u0131 sonras\u0131 vazifesine son verildi. Lyon idaresi, Sage&#8217;nin yerine 31 Ocak&#8217;ta daha evvel Fransa&#8217;da Lille&#8217;i de \u00e7al\u0131\u015ft\u0131ran Paulo Fonseca&#8217;y\u0131 getirdi.<\/p>\n<p> Ba\u015far\u0131l\u0131 teknik adamla ligde bu d\u00f6nem 5 ma\u00e7a \u00e7\u0131kan Lyon, 3 galibiyet ve 2 yenilgi ya\u015fad\u0131. Fonseca idaresindeki Lyon, ya\u015fad\u0131\u011f\u0131 yenilgilerin birini Marsilya&#8217;dan oburunu ise PSG&#8217;den ald\u0131.<\/p>\n<p> \u00a0<\/p>\n<p> \u00a0<\/p>\n<p> \u00a0<\/p>\n<\/div>\n","protected":false},"excerpt":{"rendered":"<p>Lyon Teknik Y\u00f6neticisi Paulo Fonseca, hakem Benoit Millot ile ya\u015fad\u0131\u011f\u0131 gerginlik nedeniyle 7 ay men cezas\u0131 alabilir.<\/p>\n","protected":false},"author":1,"featured_media":25104,"comment_status":"open","ping_status":"open","sticky":false,"template":"","format":"standard","meta":{"footnotes":""},"categories":[25],"tags":[2265,61],"class_list":["post-25103","post","type-post","status-publish","format-standard","has-post-thumbnail","hentry","category-futbol","tag-fonseca","tag-lyon"],"_links":{"self":[{"href":"https:\/\/haberbesiktas.tr\/index.php?rest_route=\/wp\/v2\/posts\/25103","targetHints":{"allow":["GET"]}}],"collection":[{"href":"https:\/\/haberbesiktas.tr\/index.php?rest_route=\/wp\/v2\/posts"}],"about":[{"href":"https:\/\/haberbesiktas.tr\/index.php?rest_route=\/wp\/v2\/types\/post"}],"author":[{"embeddable":true,"href":"https:\/\/haberbesiktas.tr\/index.php?rest_route=\/wp\/v2\/users\/1"}],"replies":[{"embeddable":true,"href":"https:\/\/haberbesiktas.tr\/index.php?rest_route=%2Fwp%2Fv2%2Fcomments&post=25103"}],"version-history":[{"count":1,"href":"https:\/\/haberbesiktas.tr\/index.php?rest_route=\/wp\/v2\/posts\/25103\/revisions"}],"predecessor-version":[{"id":25105,"href":"https:\/\/haberbesiktas.tr\/index.php?rest_route=\/wp\/v2\/posts\/25103\/revisions\/25105"}],"wp:featuredmedia":[{"embeddable":true,"href":"https:\/\/haberbesiktas.tr\/index.php?rest_route=\/wp\/v2\/media\/25104"}],"wp:attachment":[{"href":"https:\/\/haberbesiktas.tr\/index.php?rest_route=%2Fwp%2Fv2%2Fmedia&parent=25103"}],"wp:term":[{"taxonomy":"category","embeddable":true,"href":"https:\/\/haberbesiktas.tr\/index.php?rest_route=%2Fwp%2Fv2%2Fcategories&post=25103"},{"taxonomy":"post_tag","embeddable":true,"href":"https:\/\/haberbesiktas.tr\/index.php?rest_route=%2Fwp%2Fv2%2Ftags&post=25103"}],"curies":[{"name":"wp","href":"https:\/\/api.w.org\/{rel}","templated":true}]}}